{"id":8009,"date":"2014-01-07T03:00:22","date_gmt":"2014-01-07T02:00:22","guid":{"rendered":"http:\/\/sven-ove.nu\/?p=8009"},"modified":"2014-01-06T10:57:03","modified_gmt":"2014-01-06T09:57:03","slug":"vad-bryr-sig-spring-och-badminnen-om-sadant","status":"publish","type":"post","link":"https:\/\/sven-ove.nu\/?p=8009","title":{"rendered":"Vad bryr sig spring- och badsinnen om s\u00e5dant?"},"content":{"rendered":"<p><a href=\"https:\/\/sven-ove.nu\/wp-content\/uploads\/2014\/01\/Springa-och-bada.jpg\"><img loading=\"lazy\" decoding=\"async\" class=\"alignleft size-large wp-image-8010\" alt=\"Springa och bada\" src=\"https:\/\/sven-ove.nu\/wp-content\/uploads\/2014\/01\/Springa-och-bada-1024x613.jpg\" width=\"640\" height=\"383\" srcset=\"https:\/\/sven-ove.nu\/wp-content\/uploads\/2014\/01\/Springa-och-bada-1024x613.jpg 1024w, https:\/\/sven-ove.nu\/wp-content\/uploads\/2014\/01\/Springa-och-bada-300x179.jpg 300w\" sizes=\"auto, (max-width: 640px) 100vw, 640px\" \/><\/a><\/p>\n<p>Vid tv\u00e5 tillf\u00e4llen k\u00e4nner jag s\u00e4rskild kontakt med min inre urtidsm\u00e4nniska. Det ena \u00e4r n\u00e4r jag springer. Det andra n\u00e4r jag hamnar i badhus.<\/p>\n<p><b>Tramp tramp tramp<\/b> landar h\u00e4larna p\u00e5 mjuk skogsstig eller h\u00e5rd cykelv\u00e4g efter \u00e4lven. Min inre fot vet inte att det \u00e4r d\u00e4r hon \u00e4r, hon tror att hon jagar en antilop p\u00e5 \u00e4ndl\u00f6s savann i s\u00f6dra Afrika. Jakten har p\u00e5g\u00e5tt i tv\u00e5 dygn drygt. N\u00e4r djuret \u00e4r nedlagt ska vi sitta och prata och skratta i m\u00e5nga timmar. Endorfinet sprutar, underlaget sviktar. Sakta men s\u00e4kert tr\u00f6ttar vi ut den snabbe.<\/p>\n<p><b>Bubbelpoolen<\/b> p\u00e5 Selma Spa i Sunne bubblar, \u00f6rtbastun \u00e4r 65 grader och glas\u00f6gonen immar igen. Efter en stund simmar jag ut i utomhuspoolen fast det st\u00e5r b\u00f6rjan av januari i almanackan. L\u00e4ngst bort till kanten p\u00e5 den nordligaste utomhusbass\u00e4ngen simmar vi.<\/p>\n<p>&#8211; H\u00e4r\u00e5t \u00e4r norr, nu \u00e4r du vid nordpoolen, s\u00e4ger jag till den sex\u00e5rige badkamraten.<\/p>\n<p><b>Genetiska minnen?<br \/>\n<\/b>Regnet i ansiktet \u00e4r kallt men vattnet vi simmar i \u00e4r n\u00e4stan kroppstempererat. Var det inte n\u00e4r m\u00e4nniskan b\u00f6rjade \u00e4ta fisk och skaldjur i Afrikas strandkanter som hennes hj\u00e4rna fick mat nog att v\u00e4xa? Visst \u00e4r Nordpolen sp\u00e4nnande, b\u00e5de i verkliga livet och som lek mellan tv\u00e5 ordglada v\u00e4nner. \u00c4nd\u00e5 var det s\u00f6dra halvklotet som s\u00e5g m\u00e4nniskan bli m\u00e4nniska.<\/p>\n<p>Kv\u00e4llen innan har sex\u00e5ringen utmanat mig p\u00e5 backl\u00f6pning uppf\u00f6r och nerf\u00f6r pulkakullen d\u00e4r hemma. Nu \u00e4r det lika kul att skv\u00e4tta poolvatten sn\u00e4llt p\u00e5 varandra.<\/p>\n<p style=\"padding-left: 30px;\"><b>Det fattar ju varenda m\u00e4nniska att v\u00e5ra kroppar inte minns i hundratusen \u00e5r. Men vad bryr sig spring- och badsinnen om s\u00e5dant? N\u00e5gonting minns de.<\/b><\/p>\n<p style=\"padding-left: 30px;\"><b>Efter\u00e5t \u00e4ter vi lax med n\u00e5gra musslor och r\u00e4kor.<\/b><\/p>\n","protected":false},"excerpt":{"rendered":"<p>Vid tv\u00e5 tillf\u00e4llen k\u00e4nner jag s\u00e4rskild kontakt med min inre urtidsm\u00e4nniska. Det ena \u00e4r n\u00e4r jag springer. Det andra n\u00e4r jag hamnar i badhus. Tramp tramp tramp landar h\u00e4larna p\u00e5 mjuk skogsstig eller h\u00e5rd cykelv\u00e4g efter \u00e4lven. Min inre fot vet inte att det \u00e4r d\u00e4r hon \u00e4r, hon tror att hon jagar en antilop &hellip; <a href=\"https:\/\/sven-ove.nu\/?p=8009\" class=\"more-link\">Forts\u00e4tt l\u00e4sa <span class=\"screen-reader-text\">Vad bryr sig spring- och badsinnen om s\u00e5dant?<\/span><\/a><\/p>\n","protected":false},"author":1,"featured_media":0,"comment_status":"open","ping_status":"open","sticky":false,"template":"","format":"standard","meta":{"_crdt_document":"","_monsterinsights_skip_tracking":false,"_monsterinsights_sitenote_active":false,"_monsterinsights_sitenote_note":"","_monsterinsights_sitenote_category":0,"footnotes":""},"categories":[10,5,6],"tags":[8,24,25,18],"class_list":["post-8009","post","type-post","status-publish","format-standard","hentry","category-familjen","category-lopning","category-natur","tag-historia","tag-karlek","tag-kartan","tag-lardomar"],"_links":{"self":[{"href":"https:\/\/sven-ove.nu\/index.php?rest_route=\/wp\/v2\/posts\/8009","targetHints":{"allow":["GET"]}}],"collection":[{"href":"https:\/\/sven-ove.nu\/index.php?rest_route=\/wp\/v2\/posts"}],"about":[{"href":"https:\/\/sven-ove.nu\/index.php?rest_route=\/wp\/v2\/types\/post"}],"author":[{"embeddable":true,"href":"https:\/\/sven-ove.nu\/index.php?rest_route=\/wp\/v2\/users\/1"}],"replies":[{"embeddable":true,"href":"https:\/\/sven-ove.nu\/index.php?rest_route=%2Fwp%2Fv2%2Fcomments&post=8009"}],"version-history":[{"count":3,"href":"https:\/\/sven-ove.nu\/index.php?rest_route=\/wp\/v2\/posts\/8009\/revisions"}],"predecessor-version":[{"id":8013,"href":"https:\/\/sven-ove.nu\/index.php?rest_route=\/wp\/v2\/posts\/8009\/revisions\/8013"}],"wp:attachment":[{"href":"https:\/\/sven-ove.nu\/index.php?rest_route=%2Fwp%2Fv2%2Fmedia&parent=8009"}],"wp:term":[{"taxonomy":"category","embeddable":true,"href":"https:\/\/sven-ove.nu\/index.php?rest_route=%2Fwp%2Fv2%2Fcategories&post=8009"},{"taxonomy":"post_tag","embeddable":true,"href":"https:\/\/sven-ove.nu\/index.php?rest_route=%2Fwp%2Fv2%2Ftags&post=8009"}],"curies":[{"name":"wp","href":"https:\/\/api.w.org\/{rel}","templated":true}]}}