{"id":8042,"date":"2014-01-11T03:00:04","date_gmt":"2014-01-11T02:00:04","guid":{"rendered":"http:\/\/sven-ove.nu\/?p=8042"},"modified":"2014-01-09T09:59:08","modified_gmt":"2014-01-09T08:59:08","slug":"tredje-urtidsminnet","status":"publish","type":"post","link":"https:\/\/sven-ove.nu\/?p=8042","title":{"rendered":"Tredje urtidsminnet"},"content":{"rendered":"<p><a href=\"https:\/\/sven-ove.nu\/wp-content\/uploads\/2014\/01\/Morgonhimlen.jpg\"><img loading=\"lazy\" decoding=\"async\" class=\"alignleft size-large wp-image-8045\" alt=\"Morgonhimlen\" src=\"https:\/\/sven-ove.nu\/wp-content\/uploads\/2014\/01\/Morgonhimlen-1024x462.jpg\" width=\"640\" height=\"288\" srcset=\"https:\/\/sven-ove.nu\/wp-content\/uploads\/2014\/01\/Morgonhimlen-1024x462.jpg 1024w, https:\/\/sven-ove.nu\/wp-content\/uploads\/2014\/01\/Morgonhimlen-300x135.jpg 300w, https:\/\/sven-ove.nu\/wp-content\/uploads\/2014\/01\/Morgonhimlen.jpg 1332w\" sizes=\"auto, (max-width: 640px) 100vw, 640px\" \/><\/a><\/p>\n<p>Nu finns det f\u00f6rst\u00e5s ett tredje tillf\u00e4lle d\u00e5 jag k\u00e4nner s\u00e4rskild kontakt med <a href=\"https:\/\/sven-ove.nu\/?p=8009\">urtidsm\u00e4nniskan<\/a> inom mig. Det \u00e4r n\u00e4r jag spanar mot himlen.<\/p>\n<p>Har inte m\u00e4nniskor st\u00e5tt i alla tider, tittat upp\u00e5t och f\u00f6rs\u00f6kt f\u00f6rst\u00e5? Den d\u00e4r gula, stora, vad \u00e4r hon f\u00f6r sort? Den vita, n\u00e4stan lika stora, varf\u00f6r g\u00e5r han upp p\u00e5 kv\u00e4llen? Alla de sm\u00e5 gulvita mitt i svarta natten, vem har satt dit dem? Hur kom hela himlen till? Vem t\u00e4nder ljuset p\u00e5 morgonen? Vem sl\u00e4cker? Vilken roll har vi m\u00e4nniskor h\u00e4r nere? Varf\u00f6r ramlar en sten som jag kastar upp tillbaka hit ner medan himlakropparna h\u00e4nger kvar? Varf\u00f6r \u00e4r den fulle vite halv ibland? Hur vet regnet att det ska bli regn och inte sn\u00f6 eller hagel? Varf\u00f6r blir vatten som faller s\u00e5 fint?<\/p>\n<p>Morgonhimlar, gr\u00f6na, r\u00f6da eller orange. Kv\u00e4llshimlar, likadana. Jag k\u00e4nner en som samlar p\u00e5 dem. Undra p\u00e5 det. Vem f\u00e5r inte lust att numrera sitt livs b\u00e4sta himlar och minnas.<\/p>\n<p>F\u00e5r inte du det?<\/p>\n","protected":false},"excerpt":{"rendered":"<p>Nu finns det f\u00f6rst\u00e5s ett tredje tillf\u00e4lle d\u00e5 jag k\u00e4nner s\u00e4rskild kontakt med urtidsm\u00e4nniskan inom mig. Det \u00e4r n\u00e4r jag spanar mot himlen. Har inte m\u00e4nniskor st\u00e5tt i alla tider, tittat upp\u00e5t och f\u00f6rs\u00f6kt f\u00f6rst\u00e5? Den d\u00e4r gula, stora, vad \u00e4r hon f\u00f6r sort? Den vita, n\u00e4stan lika stora, varf\u00f6r g\u00e5r han upp p\u00e5 kv\u00e4llen? &hellip; <a href=\"https:\/\/sven-ove.nu\/?p=8042\" class=\"more-link\">Forts\u00e4tt l\u00e4sa <span class=\"screen-reader-text\">Tredje urtidsminnet<\/span><\/a><\/p>\n","protected":false},"author":1,"featured_media":0,"comment_status":"open","ping_status":"open","sticky":false,"template":"","format":"standard","meta":{"_crdt_document":"","_monsterinsights_skip_tracking":false,"_monsterinsights_sitenote_active":false,"_monsterinsights_sitenote_note":"","_monsterinsights_sitenote_category":0,"footnotes":""},"categories":[10,6],"tags":[8],"class_list":["post-8042","post","type-post","status-publish","format-standard","hentry","category-familjen","category-natur","tag-historia"],"_links":{"self":[{"href":"https:\/\/sven-ove.nu\/index.php?rest_route=\/wp\/v2\/posts\/8042","targetHints":{"allow":["GET"]}}],"collection":[{"href":"https:\/\/sven-ove.nu\/index.php?rest_route=\/wp\/v2\/posts"}],"about":[{"href":"https:\/\/sven-ove.nu\/index.php?rest_route=\/wp\/v2\/types\/post"}],"author":[{"embeddable":true,"href":"https:\/\/sven-ove.nu\/index.php?rest_route=\/wp\/v2\/users\/1"}],"replies":[{"embeddable":true,"href":"https:\/\/sven-ove.nu\/index.php?rest_route=%2Fwp%2Fv2%2Fcomments&post=8042"}],"version-history":[{"count":3,"href":"https:\/\/sven-ove.nu\/index.php?rest_route=\/wp\/v2\/posts\/8042\/revisions"}],"predecessor-version":[{"id":8046,"href":"https:\/\/sven-ove.nu\/index.php?rest_route=\/wp\/v2\/posts\/8042\/revisions\/8046"}],"wp:attachment":[{"href":"https:\/\/sven-ove.nu\/index.php?rest_route=%2Fwp%2Fv2%2Fmedia&parent=8042"}],"wp:term":[{"taxonomy":"category","embeddable":true,"href":"https:\/\/sven-ove.nu\/index.php?rest_route=%2Fwp%2Fv2%2Fcategories&post=8042"},{"taxonomy":"post_tag","embeddable":true,"href":"https:\/\/sven-ove.nu\/index.php?rest_route=%2Fwp%2Fv2%2Ftags&post=8042"}],"curies":[{"name":"wp","href":"https:\/\/api.w.org\/{rel}","templated":true}]}}