{"id":8049,"date":"2014-01-13T03:00:54","date_gmt":"2014-01-13T02:00:54","guid":{"rendered":"http:\/\/sven-ove.nu\/?p=8049"},"modified":"2014-01-12T19:49:57","modified_gmt":"2014-01-12T18:49:57","slug":"erkand-oster-om-kilsbergen","status":"publish","type":"post","link":"https:\/\/sven-ove.nu\/?p=8049","title":{"rendered":"Erk\u00e4nd \u00f6ster om Kilsbergen"},"content":{"rendered":"<p>Att v\u00e4rlden g\u00e5r fram\u00e5t bevisas av att <a href=\"http:\/\/sandgrund.org\" target=\"_blank\"><b>Lars Lerin<\/b><\/a> till sist fick det genombrott han var v\u00e4rd \u00e4ven utanf\u00f6r V\u00e4rmland. <i>\u201dJag kommer aldrig att bli recenserad i DN, det vet jag\u201d.<\/i> Var det inte s\u00e5 han sa i en tv-dokument\u00e4r f\u00f6r m\u00e5nga \u00e5r sedan, innan det v\u00e4nde? Fantastisk akvarellm\u00e5lare har han varit hela tiden, nu vet \u00e4ven Dagens Nyheter det.<\/p>\n<p><a href=\"https:\/\/sven-ove.nu\/wp-content\/uploads\/2014\/01\/Webbfr\u00e5gan.jpg\"><img loading=\"lazy\" decoding=\"async\" class=\"size-medium wp-image-8051 alignright\" alt=\"Webbfr\u00e5gan\" src=\"https:\/\/sven-ove.nu\/wp-content\/uploads\/2014\/01\/Webbfr\u00e5gan-300x260.jpg\" width=\"300\" height=\"260\" srcset=\"https:\/\/sven-ove.nu\/wp-content\/uploads\/2014\/01\/Webbfr\u00e5gan-300x260.jpg 300w, https:\/\/sven-ove.nu\/wp-content\/uploads\/2014\/01\/Webbfr\u00e5gan.jpg 649w\" sizes=\"auto, (max-width: 300px) 100vw, 300px\" \/><\/a>I fredags kv\u00e4ll var Lars med i en webbfr\u00e5ga fr\u00e5n tv-programmet <b>P\u00e5 sp\u00e5ret<\/b>. D\u00e5 har man slagit igenom i allm\u00e4nna medvetandet. Lika roligt \u00e4r det att hans beg\u00e5vade guddotter <b>Sara Broos<\/b> var med.<\/p>\n<p><a href=\"http:\/\/www.svt.se\/pa-sparet\/webbfraga-8\">H\u00e4r har du webbfr\u00e5gan<\/a>.<\/p>\n<p>Det \u00e4r s\u00e5 sk\u00f6nt att f\u00f6r en g\u00e5ngs skull slippa h\u00f6ra uttrycket \u201dde v\u00e4rml\u00e4ndska skogarna\u201d, n\u00e4r landskapet n\u00e4mns i medierna. Alltid dessa skogar, alltid denna varg, alltid n\u00e5gon tok som tror p\u00e5 tomten.<\/p>\n<p style=\"padding-left: 30px;\"><strong>Det \u00e4r s\u00e5 h\u00e4rligt n\u00e4r beg\u00e5vat folk blir erk\u00e4nda \u00e4ven \u00f6ster om Kilsbergen och ner\u00e5t de v\u00e4stkustska tv-redaktionerna till. Erk\u00e4nd som konstn\u00e4r blir du i recensionerna. Erk\u00e4nd bland svenska folket blir du d\u00e5 de f\u00e5r chansen att se och b\u00f6rjar tycka om dina bilder. Beviset p\u00e5 att de g\u00f6r det \u00e4r n\u00e4r du blir fr\u00e5ga i P\u00e5 sp\u00e5ret.<\/strong><\/p>\n<p>Grattis.<\/p>\n","protected":false},"excerpt":{"rendered":"<p>Att v\u00e4rlden g\u00e5r fram\u00e5t bevisas av att Lars Lerin till sist fick det genombrott han var v\u00e4rd \u00e4ven utanf\u00f6r V\u00e4rmland. \u201dJag kommer aldrig att bli recenserad i DN, det vet jag\u201d. Var det inte s\u00e5 han sa i en tv-dokument\u00e4r f\u00f6r m\u00e5nga \u00e5r sedan, innan det v\u00e4nde? Fantastisk akvarellm\u00e5lare har han varit hela tiden, nu &hellip; <a href=\"https:\/\/sven-ove.nu\/?p=8049\" class=\"more-link\">Forts\u00e4tt l\u00e4sa <span class=\"screen-reader-text\">Erk\u00e4nd \u00f6ster om Kilsbergen<\/span><\/a><\/p>\n","protected":false},"author":1,"featured_media":0,"comment_status":"open","ping_status":"open","sticky":false,"template":"","format":"standard","meta":{"_crdt_document":"","_monsterinsights_skip_tracking":false,"_monsterinsights_sitenote_active":false,"_monsterinsights_sitenote_note":"","_monsterinsights_sitenote_category":0,"footnotes":""},"categories":[4],"tags":[24,15],"class_list":["post-8049","post","type-post","status-publish","format-standard","hentry","category-skrivande","tag-karlek","tag-mediedjungeln"],"_links":{"self":[{"href":"https:\/\/sven-ove.nu\/index.php?rest_route=\/wp\/v2\/posts\/8049","targetHints":{"allow":["GET"]}}],"collection":[{"href":"https:\/\/sven-ove.nu\/index.php?rest_route=\/wp\/v2\/posts"}],"about":[{"href":"https:\/\/sven-ove.nu\/index.php?rest_route=\/wp\/v2\/types\/post"}],"author":[{"embeddable":true,"href":"https:\/\/sven-ove.nu\/index.php?rest_route=\/wp\/v2\/users\/1"}],"replies":[{"embeddable":true,"href":"https:\/\/sven-ove.nu\/index.php?rest_route=%2Fwp%2Fv2%2Fcomments&post=8049"}],"version-history":[{"count":8,"href":"https:\/\/sven-ove.nu\/index.php?rest_route=\/wp\/v2\/posts\/8049\/revisions"}],"predecessor-version":[{"id":8063,"href":"https:\/\/sven-ove.nu\/index.php?rest_route=\/wp\/v2\/posts\/8049\/revisions\/8063"}],"wp:attachment":[{"href":"https:\/\/sven-ove.nu\/index.php?rest_route=%2Fwp%2Fv2%2Fmedia&parent=8049"}],"wp:term":[{"taxonomy":"category","embeddable":true,"href":"https:\/\/sven-ove.nu\/index.php?rest_route=%2Fwp%2Fv2%2Fcategories&post=8049"},{"taxonomy":"post_tag","embeddable":true,"href":"https:\/\/sven-ove.nu\/index.php?rest_route=%2Fwp%2Fv2%2Ftags&post=8049"}],"curies":[{"name":"wp","href":"https:\/\/api.w.org\/{rel}","templated":true}]}}