{"id":8070,"date":"2014-01-15T03:00:46","date_gmt":"2014-01-15T02:00:46","guid":{"rendered":"http:\/\/sven-ove.nu\/?p=8070"},"modified":"2014-01-14T13:44:31","modified_gmt":"2014-01-14T12:44:31","slug":"en-julklapp-fran-telia","status":"publish","type":"post","link":"https:\/\/sven-ove.nu\/?p=8070","title":{"rendered":"Julklapp fr\u00e5n Telia"},"content":{"rendered":"<p>H\u00e4lsan tiger still. Det \u00e4r inte s\u00e5 konstigt, s\u00e5 fungerar all ber\u00e4ttarkonst. Det skulle bli bra enformiga romaner, tv-serier och lunchrumssamtal om vi hela tiden skulle ber\u00e4tta om allt som bara lunkade p\u00e5 och gick som det skulle. Det \u00e4r n\u00e4r n\u00e5got avviker fr\u00e5n det normala som sp\u00e4nningen uppst\u00e5r.<\/p>\n<p style=\"padding-left: 30px;\"><strong>Jag tycker vi beh\u00f6ver bli b\u00e4ttre p\u00e5 att ber\u00e4tta om den gr\u00e5 vardagen i alla fall, men det \u00e4r en annan historia.<\/strong><\/p>\n<p>H\u00e4lsan tiger still och n\u00e4r hon inte g\u00f6r det reagerar vi. Driver du d\u00e5 en blogg s\u00e5 skriver du. <i>\u201dJo, det \u00e4r s\u00e5 att Telia och Spotify inte kan komma \u00f6verens om vem som dragit in mitt Spotify, s\u00e5 nu\u2026\u201d.<\/i> Har du tur, och det hade jag, s\u00e5 l\u00e4ser n\u00e5gon till slut alla mejlen och inl\u00e4ggen och bryr sig.<\/p>\n<p><b>Fel pris, det s\u00e5g jag ju<br \/>\n<\/b><a href=\"https:\/\/sven-ove.nu\/wp-content\/uploads\/2014\/01\/Telia-Bubble.jpg\"><img loading=\"lazy\" decoding=\"async\" class=\"size-medium wp-image-8073 alignright\" alt=\"Telia Bubble\" src=\"https:\/\/sven-ove.nu\/wp-content\/uploads\/2014\/01\/Telia-Bubble-179x300.jpg\" width=\"179\" height=\"300\" srcset=\"https:\/\/sven-ove.nu\/wp-content\/uploads\/2014\/01\/Telia-Bubble-179x300.jpg 179w, https:\/\/sven-ove.nu\/wp-content\/uploads\/2014\/01\/Telia-Bubble-613x1024.jpg 613w, https:\/\/sven-ove.nu\/wp-content\/uploads\/2014\/01\/Telia-Bubble.jpg 1552w\" sizes=\"auto, (max-width: 179px) 100vw, 179px\" \/><\/a>Jag tycker inte det \u00e4r konstigt om det blir fel ibland, f\u00f6r en m\u00e4nniska eller ett f\u00f6retag. Det intressanta \u00e4r hur vi hanterar misstagen. Den 20 december f\u00f6rs\u00f6kte jag k\u00f6pa en viss v\u00e4ggtelefon i Teliabutiken i Karlstad. D\u00e4r fanns bara skyltexemplaret kvar och det fick jag inte k\u00f6pa.<\/p>\n<p>&#8211; Men kolla p\u00e5 webben.<\/p>\n<p>D\u00e4r fanns den och jag best\u00e4llde tv\u00e5 stycken, eftersom vi beh\u00f6vde en sj\u00e4lva och en skulle bli julklapp. Jag s\u00e5g att det var fel p\u00e5 webbplatsen, f\u00f6r priset var satt till 0 kronor f\u00f6r den svarta som vi ville ha, men det kommer ju alltid en r\u00e4kning. Den kostar v\u00e4l 199 kronor, precis som den violetta.<\/p>\n<p><b>\u201dVi har gjort fel\u201d<br \/>\n<\/b>D\u00e5 och d\u00e5 gick jag in och tittade p\u00e5 Mina sidor p\u00e5 telia.se. Inget h\u00e4nde. Den kom inte i tid till jul, fast det begrep jag fr\u00e5n b\u00f6rjan, och den kom inte dagarna efter jul heller. Till sist ringer mobilen. En v\u00e4nlig r\u00f6st fr\u00e5n Telia ber\u00e4ttar att de har gjort fel och att de vill gottg\u00f6ra mig.<\/p>\n<p>&#8211; Fel?<br \/>\n&#8211; Ja, den svarta \u00e4r slut, och det hade vi inte skrivit p\u00e5 webben.<br \/>\n&#8211; Var det d\u00e4rf\u00f6r det stod noll kronor?<br \/>\n&#8211; Ja, det borde ha st\u00e5tt noll exemplar kvar. Kan du t\u00e4nka dig den violetta modellen i st\u00e4llet?<\/p>\n<p><b>Julklappen kom<br \/>\n<\/b>H\u00e4romdagen kom paketet. Vi fick tv\u00e5 violetta v\u00e4ggtelefoner. Pris: 0 kronor.<\/p>\n<p>&#8211; Har vi gjort fel s\u00e5 st\u00e5r vi f\u00f6r det, sa den v\u00e4nliga r\u00f6sten fr\u00e5n Telia.<br \/>\n&#8211; Jamen det \u00e4r klart jag ska betala, vi brukar \u2026<br \/>\n&#8211; \u2026 har vi gjort fel s\u00e5 har vi.<\/p>\n","protected":false},"excerpt":{"rendered":"<p>H\u00e4lsan tiger still. Det \u00e4r inte s\u00e5 konstigt, s\u00e5 fungerar all ber\u00e4ttarkonst. Det skulle bli bra enformiga romaner, tv-serier och lunchrumssamtal om vi hela tiden skulle ber\u00e4tta om allt som bara lunkade p\u00e5 och gick som det skulle. Det \u00e4r n\u00e4r n\u00e5got avviker fr\u00e5n det normala som sp\u00e4nningen uppst\u00e5r. Jag tycker vi beh\u00f6ver bli b\u00e4ttre &hellip; <a href=\"https:\/\/sven-ove.nu\/?p=8070\" class=\"more-link\">Forts\u00e4tt l\u00e4sa <span class=\"screen-reader-text\">Julklapp fr\u00e5n Telia<\/span><\/a><\/p>\n","protected":false},"author":1,"featured_media":0,"comment_status":"open","ping_status":"open","sticky":false,"template":"","format":"standard","meta":{"_crdt_document":"","_monsterinsights_skip_tracking":false,"_monsterinsights_sitenote_active":false,"_monsterinsights_sitenote_note":"","_monsterinsights_sitenote_category":0,"footnotes":""},"categories":[10],"tags":[18,13],"class_list":["post-8070","post","type-post","status-publish","format-standard","hentry","category-familjen","tag-lardomar","tag-utrustning"],"_links":{"self":[{"href":"https:\/\/sven-ove.nu\/index.php?rest_route=\/wp\/v2\/posts\/8070","targetHints":{"allow":["GET"]}}],"collection":[{"href":"https:\/\/sven-ove.nu\/index.php?rest_route=\/wp\/v2\/posts"}],"about":[{"href":"https:\/\/sven-ove.nu\/index.php?rest_route=\/wp\/v2\/types\/post"}],"author":[{"embeddable":true,"href":"https:\/\/sven-ove.nu\/index.php?rest_route=\/wp\/v2\/users\/1"}],"replies":[{"embeddable":true,"href":"https:\/\/sven-ove.nu\/index.php?rest_route=%2Fwp%2Fv2%2Fcomments&post=8070"}],"version-history":[{"count":7,"href":"https:\/\/sven-ove.nu\/index.php?rest_route=\/wp\/v2\/posts\/8070\/revisions"}],"predecessor-version":[{"id":8078,"href":"https:\/\/sven-ove.nu\/index.php?rest_route=\/wp\/v2\/posts\/8070\/revisions\/8078"}],"wp:attachment":[{"href":"https:\/\/sven-ove.nu\/index.php?rest_route=%2Fwp%2Fv2%2Fmedia&parent=8070"}],"wp:term":[{"taxonomy":"category","embeddable":true,"href":"https:\/\/sven-ove.nu\/index.php?rest_route=%2Fwp%2Fv2%2Fcategories&post=8070"},{"taxonomy":"post_tag","embeddable":true,"href":"https:\/\/sven-ove.nu\/index.php?rest_route=%2Fwp%2Fv2%2Ftags&post=8070"}],"curies":[{"name":"wp","href":"https:\/\/api.w.org\/{rel}","templated":true}]}}