{"id":8079,"date":"2014-01-16T03:00:11","date_gmt":"2014-01-16T02:00:11","guid":{"rendered":"http:\/\/sven-ove.nu\/?p=8079"},"modified":"2014-01-15T22:22:21","modified_gmt":"2014-01-15T21:22:21","slug":"vem-farao-var-freud","status":"publish","type":"post","link":"https:\/\/sven-ove.nu\/?p=8079","title":{"rendered":"Vem farao var Freud?"},"content":{"rendered":"<p>L\u00e5t oss s\u00e4ga att det finns en familj jag k\u00e4nner v\u00e4l. F\u00f6r l\u00e4nge sedan bodde den i hj\u00e4rtat av Fryksdalen, mitt emot ortens pingstpastor. Han var chef \u00f6ver det lokala Tidningstj\u00e4nst ocks\u00e5. De kallade honom F\u00f6rsta budet.<\/p>\n<p>En dag tv\u00e4ttade pastorn bilen p\u00e5 sin garageuppfart. D\u00e5 sa ena dottern i familjen jag k\u00e4nner v\u00e4l:<\/p>\n<p>&#8211; Titta! Han g\u00f6r mammajobb!<\/p>\n<p>S\u00e5dan \u00e4r familjen jag k\u00e4nner. Far i huset t\u00e4nker att det vore bra om det kom upp nya tapeter. Mor i huset tapetserar.<\/p>\n<p><b>Varenda muskel minns<br \/>\n<\/b>Och \u00e4nd\u00e5, en dag finner han sig st\u00e5ende p\u00e5 en stol i bortersta rummet med en kofot i n\u00e4ven och musklerna fulla av minnen. Detta har han gjort f\u00f6rr, detta kan han. Efter 23 minuter \u00e4r alla tre garderoberna rivna, varenda handgrepp satt som det skulle.<\/p>\n<p>H\u00e4r ser du en som g\u00f6r pappajobb. Var \u00e4r nu alla sanningsvittnen?<\/p>\n<p><a href=\"https:\/\/sven-ove.nu\/wp-content\/uploads\/2014\/01\/Djur.jpg\"><img loading=\"lazy\" decoding=\"async\" class=\"alignright size-medium wp-image-8085\" alt=\"Djur\" src=\"https:\/\/sven-ove.nu\/wp-content\/uploads\/2014\/01\/Djur-202x300.jpg\" width=\"202\" height=\"300\" srcset=\"https:\/\/sven-ove.nu\/wp-content\/uploads\/2014\/01\/Djur-202x300.jpg 202w, https:\/\/sven-ove.nu\/wp-content\/uploads\/2014\/01\/Djur-691x1024.jpg 691w, https:\/\/sven-ove.nu\/wp-content\/uploads\/2014\/01\/Djur.jpg 1531w\" sizes=\"auto, (max-width: 202px) 100vw, 202px\" \/><\/a>Mitt i den tanken f\u00e5r han se vad som dolde sig bakom de tre garderoberna. En STOR handskriven f\u00f6rteckning \u00f6ver l\u00e4get i villan den 11 december 1991. I v\u00e4nsterspalten en noggrann lista med alla p\u00e5 adressen boende m\u00e4nniskor. Det st\u00e5r det \u00f6verst. M\u00c4NNISKOR.<\/p>\n<p>I h\u00f6gerspalten en likadan lista \u00f6ver alla djur. Panter, Trulsa, Kuttis, Herbert, Freud och Grynet.<\/p>\n<p><b>Han som rymde?<br \/>\n<\/b>\u201dFreud\u201d? Vem farao var Freud? Av vilket sk\u00e4l kom den lilla familjen jag k\u00e4nner s\u00e5 v\u00e4l p\u00e5 att d\u00f6pa ett djur till just det namnet?<\/p>\n<p>Ingen av m\u00e4nniskorna minns. Kan det ha varit eremitkr\u00e4ftan, hon som rymde?<\/p>\n","protected":false},"excerpt":{"rendered":"<p>L\u00e5t oss s\u00e4ga att det finns en familj jag k\u00e4nner v\u00e4l. F\u00f6r l\u00e4nge sedan bodde den i hj\u00e4rtat av Fryksdalen, mitt emot ortens pingstpastor. Han var chef \u00f6ver det lokala Tidningstj\u00e4nst ocks\u00e5. De kallade honom F\u00f6rsta budet. En dag tv\u00e4ttade pastorn bilen p\u00e5 sin garageuppfart. D\u00e5 sa ena dottern i familjen jag k\u00e4nner v\u00e4l: &#8211; &hellip; <a href=\"https:\/\/sven-ove.nu\/?p=8079\" class=\"more-link\">Forts\u00e4tt l\u00e4sa <span class=\"screen-reader-text\">Vem farao var Freud?<\/span><\/a><\/p>\n","protected":false},"author":1,"featured_media":0,"comment_status":"open","ping_status":"open","sticky":false,"template":"","format":"standard","meta":{"_crdt_document":"","_monsterinsights_skip_tracking":false,"_monsterinsights_sitenote_active":false,"_monsterinsights_sitenote_note":"","_monsterinsights_sitenote_category":0,"footnotes":""},"categories":[10],"tags":[8,24],"class_list":["post-8079","post","type-post","status-publish","format-standard","hentry","category-familjen","tag-historia","tag-karlek"],"_links":{"self":[{"href":"https:\/\/sven-ove.nu\/index.php?rest_route=\/wp\/v2\/posts\/8079","targetHints":{"allow":["GET"]}}],"collection":[{"href":"https:\/\/sven-ove.nu\/index.php?rest_route=\/wp\/v2\/posts"}],"about":[{"href":"https:\/\/sven-ove.nu\/index.php?rest_route=\/wp\/v2\/types\/post"}],"author":[{"embeddable":true,"href":"https:\/\/sven-ove.nu\/index.php?rest_route=\/wp\/v2\/users\/1"}],"replies":[{"embeddable":true,"href":"https:\/\/sven-ove.nu\/index.php?rest_route=%2Fwp%2Fv2%2Fcomments&post=8079"}],"version-history":[{"count":4,"href":"https:\/\/sven-ove.nu\/index.php?rest_route=\/wp\/v2\/posts\/8079\/revisions"}],"predecessor-version":[{"id":8086,"href":"https:\/\/sven-ove.nu\/index.php?rest_route=\/wp\/v2\/posts\/8079\/revisions\/8086"}],"wp:attachment":[{"href":"https:\/\/sven-ove.nu\/index.php?rest_route=%2Fwp%2Fv2%2Fmedia&parent=8079"}],"wp:term":[{"taxonomy":"category","embeddable":true,"href":"https:\/\/sven-ove.nu\/index.php?rest_route=%2Fwp%2Fv2%2Fcategories&post=8079"},{"taxonomy":"post_tag","embeddable":true,"href":"https:\/\/sven-ove.nu\/index.php?rest_route=%2Fwp%2Fv2%2Ftags&post=8079"}],"curies":[{"name":"wp","href":"https:\/\/api.w.org\/{rel}","templated":true}]}}