{"id":8092,"date":"2014-01-18T03:00:35","date_gmt":"2014-01-18T02:00:35","guid":{"rendered":"http:\/\/sven-ove.nu\/?p=8092"},"modified":"2014-01-27T22:41:31","modified_gmt":"2014-01-27T21:41:31","slug":"en-legendar-kliver-fram","status":"publish","type":"post","link":"https:\/\/sven-ove.nu\/?p=8092","title":{"rendered":"En &#8221;legendar&#8221; kliver fram"},"content":{"rendered":"<p><a href=\"https:\/\/sven-ove.nu\/wp-content\/uploads\/2014\/01\/Cykla-bakl\u00e4nges-i-sn\u00f6.jpg\"><img loading=\"lazy\" decoding=\"async\" class=\"alignright size-medium wp-image-8093\" alt=\"Cykla bakl\u00e4nges i sn\u00f6\" src=\"https:\/\/sven-ove.nu\/wp-content\/uploads\/2014\/01\/Cykla-bakl\u00e4nges-i-sn\u00f6-300x200.jpg\" width=\"300\" height=\"200\" srcset=\"https:\/\/sven-ove.nu\/wp-content\/uploads\/2014\/01\/Cykla-bakl\u00e4nges-i-sn\u00f6-300x200.jpg 300w, https:\/\/sven-ove.nu\/wp-content\/uploads\/2014\/01\/Cykla-bakl\u00e4nges-i-sn\u00f6-1024x682.jpg 1024w\" sizes=\"auto, (max-width: 300px) 100vw, 300px\" \/><\/a>Hur m\u00e5r feminismen? Den debatten l\u00e4gger jag mig inte i, \u00e4r f\u00f6r d\u00e5ligt insatt. Att kvinnor och m\u00e4n \u00e4r lika mycket v\u00e4rda och ska ha samma l\u00f6n f\u00f6r samma jobb och lika m\u00f6jligheter \u00e4r f\u00f6rst\u00e5s sj\u00e4lvklart.<\/p>\n<p>Fel.<br \/>\nDet borde vara det.<\/p>\n<p>En sak f\u00f6rst\u00e5r jag mig p\u00e5. Att det d\u00e5 och d\u00e5 dyker upp folk som lyser med l\u00e5nta fj\u00e4drar. Den h\u00e4r g\u00e5ngen heter hon tydligen\u00a0<a href=\"http:\/\/aktivarum.wordpress.com\/2012\/01\/31\/hype-om-aktivarum-one-helene-bergman-om-den-moderna-feminismens-historia-fran-fri-sexualitet-till-helgalen-sexualitet\/\">Helene Bergman<\/a>, om man f\u00e5r tro f\u00f6rfattaren <a href=\"http:\/\/katarinamazetti.com\">Katarina Mazetti<\/a>. Bergman var med i <a href=\"http:\/\/www.svtplay.se\/video\/1726624\/16-1-22-00\">SVT:s Debatt<\/a> i torsdags kv\u00e4ll och presenterade sig sj\u00e4lv som programledare fr\u00e5n legendariska Radio Ellen. S\u00e5 h\u00e4r skriver Katarina Mazetti om saken:<\/p>\n<p style=\"padding-left: 30px;\"><i>Jag blir vansinnig! Inte bara p\u00e5 Belinda Olssons &#8221;feministprogram&#8221; som kommer att ge henne en massa hyllningar p\u00e5 Avpixlat men p\u00e5 en detalj som jag r\u00e5kar k\u00e4nna till b\u00e4ttre \u00e4n det flesta: I Debatt efter\u00e5t sl\u00e4pper man fram en kvinna som \u00e4r ren mytoman. Hon har bland annat g\u00e5tt ut p\u00e5 Newsmill och kallat sej &#8221;legendarisk programledare f\u00f6r Radio Ellen&#8221; &#8211; och sen tagit avst\u00e5nd fr\u00e5n programmet. Detta upprepade hon i debatt i g\u00e5r. S\u00c5H\u00c4R \u00c4R DET: Helen Bergman fick chansen att g\u00f6ra ett par inslag i Radio Ellens barndom p\u00e5 \u00e5ttitalet men resultatet var s\u00e5 uselt att hon inte fick g\u00f6ra flera. D\u00e5 st\u00e4mde hon Sveriges radio!! &#8221;Programledare&#8221; eller anst\u00e4lld har hon ALDRIG varit. Hon n\u00e4mndes \u00f6ver huvud taget aldrig, annat med en rysning, under de \u00e5tta \u00e5r jag arbetade med programmet. Hur st\u00e5r det till med SVT:s research? Det finns bara en &#8221;legendarisk programledare&#8221; och det \u00e4r Isa Edholm, som skapade programmet och ledde det i 25 \u00e5r. Denna Bergman har t o m lagt sej till med Isas frisyr och hoppas kanske p\u00e5 att folk ska ta fel&#8230;<\/i><\/p>\n<p>Hade n\u00e5gon m\u00e5nne gjort en d\u00e5lig koll? N\u00e4r jag g\u00e5r in p\u00e5 <a href=\"http:\/\/smdb.kb.se\" target=\"_blank\">Svensk Mediedatabas<\/a> och s\u00f6ker p\u00e5 Radio Ellen och Helene Bergman \u00e4r det inte legendariskt m\u00e5nga tr\u00e4ffar jag f\u00e5r. Klicka p\u00e5 l\u00e4nken s\u00e5 ser du. Byt sedan ut hennes namn mot Isa Edholm och d\u00f6m sj\u00e4lv.<\/p>\n<p style=\"padding-left: 30px;\"><b>Den dagen det finns lika m\u00e5nga kvinnliga som manliga mytomaner \u00e4r j\u00e4mst\u00e4lldheten n\u00e5dd. D\u00e4r \u00e4r vi inte \u00e4n. Kanske ska vi \u00e4n s\u00e5 l\u00e4nge betrakta HB som kvinnlig pionj\u00e4r i grenen ljug-s\u00e5-du-tror-dig-sj\u00e4lv? Kanske blev hon \u201dnyttig idiot\u201d nummer tv\u00e5 i \u00e5rets f\u00f6rsta feministdebatt? Jag tror det.<\/b><\/p>\n<p>\u00c4r det superval\u00e5r s\u00e5 \u00e4r det.<br \/>\nDen politiska journalistikens svar p\u00e5 r\u00f6tm\u00e5naden.<br \/>\nSuck.<\/p>\n","protected":false},"excerpt":{"rendered":"<p>Hur m\u00e5r feminismen? Den debatten l\u00e4gger jag mig inte i, \u00e4r f\u00f6r d\u00e5ligt insatt. Att kvinnor och m\u00e4n \u00e4r lika mycket v\u00e4rda och ska ha samma l\u00f6n f\u00f6r samma jobb och lika m\u00f6jligheter \u00e4r f\u00f6rst\u00e5s sj\u00e4lvklart. Fel. Det borde vara det. En sak f\u00f6rst\u00e5r jag mig p\u00e5. Att det d\u00e5 och d\u00e5 dyker upp folk &hellip; <a href=\"https:\/\/sven-ove.nu\/?p=8092\" class=\"more-link\">Forts\u00e4tt l\u00e4sa <span class=\"screen-reader-text\">En &#8221;legendar&#8221; kliver fram<\/span><\/a><\/p>\n","protected":false},"author":1,"featured_media":0,"comment_status":"open","ping_status":"open","sticky":false,"template":"","format":"standard","meta":{"_crdt_document":"","_monsterinsights_skip_tracking":false,"_monsterinsights_sitenote_active":false,"_monsterinsights_sitenote_note":"","_monsterinsights_sitenote_category":0,"footnotes":""},"categories":[9],"tags":[16,8,15,17],"class_list":["post-8092","post","type-post","status-publish","format-standard","hentry","category-politik","tag-dumheter","tag-historia","tag-mediedjungeln","tag-solidaritet"],"_links":{"self":[{"href":"https:\/\/sven-ove.nu\/index.php?rest_route=\/wp\/v2\/posts\/8092","targetHints":{"allow":["GET"]}}],"collection":[{"href":"https:\/\/sven-ove.nu\/index.php?rest_route=\/wp\/v2\/posts"}],"about":[{"href":"https:\/\/sven-ove.nu\/index.php?rest_route=\/wp\/v2\/types\/post"}],"author":[{"embeddable":true,"href":"https:\/\/sven-ove.nu\/index.php?rest_route=\/wp\/v2\/users\/1"}],"replies":[{"embeddable":true,"href":"https:\/\/sven-ove.nu\/index.php?rest_route=%2Fwp%2Fv2%2Fcomments&post=8092"}],"version-history":[{"count":7,"href":"https:\/\/sven-ove.nu\/index.php?rest_route=\/wp\/v2\/posts\/8092\/revisions"}],"predecessor-version":[{"id":8187,"href":"https:\/\/sven-ove.nu\/index.php?rest_route=\/wp\/v2\/posts\/8092\/revisions\/8187"}],"wp:attachment":[{"href":"https:\/\/sven-ove.nu\/index.php?rest_route=%2Fwp%2Fv2%2Fmedia&parent=8092"}],"wp:term":[{"taxonomy":"category","embeddable":true,"href":"https:\/\/sven-ove.nu\/index.php?rest_route=%2Fwp%2Fv2%2Fcategories&post=8092"},{"taxonomy":"post_tag","embeddable":true,"href":"https:\/\/sven-ove.nu\/index.php?rest_route=%2Fwp%2Fv2%2Ftags&post=8092"}],"curies":[{"name":"wp","href":"https:\/\/api.w.org\/{rel}","templated":true}]}}