{"id":8102,"date":"2014-01-19T03:00:55","date_gmt":"2014-01-19T02:00:55","guid":{"rendered":"http:\/\/sven-ove.nu\/?p=8102"},"modified":"2014-01-18T17:41:58","modified_gmt":"2014-01-18T16:41:58","slug":"fragan-i-pulkabacken","status":"publish","type":"post","link":"https:\/\/sven-ove.nu\/?p=8102","title":{"rendered":"Fr\u00e5gan i pulkabacken"},"content":{"rendered":"<p>L\u00f6rdag. Springer i skymningen n\u00e4r sn\u00f6n fortfarande \u00e4r bl\u00e5vit men konturerna mjuka. Tv\u00e5 decimeter pudersn\u00f6 d\u00e4r jag pulsar fram genom skog, \u00e4ng och villakvarter i v\u00e4stra delarna av mitt Forshaga. Or\u00f6rd sn\u00f6 p\u00e5 \u00e4ngen, r\u00e4tt ofta or\u00f6rd \u00e4ven p\u00e5 skogsstigarna. Korsar ett harsp\u00e5r, delar stig med ett r\u00e5djur som vandrat h\u00e4r f\u00f6re mig, funderar \u00f6ver varf\u00f6r en korp f\u00f6ljer mig och kraxar.<\/p>\n<p>Spejar han \u00e5t n\u00e5gon?<\/p>\n<p style=\"padding-left: 30px;\"><a href=\"https:\/\/sven-ove.nu\/wp-content\/uploads\/2014\/01\/Flygturen.jpg\"><img loading=\"lazy\" decoding=\"async\" class=\"alignright size-medium wp-image-8104\" alt=\"Flygturen\" src=\"https:\/\/sven-ove.nu\/wp-content\/uploads\/2014\/01\/Flygturen-57x300.jpg\" width=\"57\" height=\"300\" \/><\/a><strong>N\u00e4r jag kommer ut ur skogen drar fyra barn sina pulkor uppf\u00f6r den stora pulkabacken. Alla tittar ner p\u00e5 farbrorn som skyndar fram tv\u00e4rs \u00f6ver deras uppk\u00f6rda sp\u00e5r.<\/strong><\/p>\n<p><em>&#8211; Hej, va heter du?<\/em><br \/>\n<em>&#8211; Sven-Ove. Va heter du?<\/em><br \/>\nHon svarar med sitt namn och forts\u00e4tter:<br \/>\n<em>&#8211; Va g\u00f6r du?<\/em><br \/>\n<em>&#8211; Springer.<\/em><br \/>\n<em>&#8211; Varf\u00f6r springer du?<\/em><br \/>\n<em>&#8211; F\u00f6r att det \u00e4r roligt. Men det \u00e4r roligt att \u00e5ka pulka ocks\u00e5.<\/em><br \/>\n<em>&#8211; Varf\u00f6r \u00e5ker du inte pulka d\u00e5?<\/em><\/p>\n","protected":false},"excerpt":{"rendered":"<p>L\u00f6rdag. Springer i skymningen n\u00e4r sn\u00f6n fortfarande \u00e4r bl\u00e5vit men konturerna mjuka. Tv\u00e5 decimeter pudersn\u00f6 d\u00e4r jag pulsar fram genom skog, \u00e4ng och villakvarter i v\u00e4stra delarna av mitt Forshaga. Or\u00f6rd sn\u00f6 p\u00e5 \u00e4ngen, r\u00e4tt ofta or\u00f6rd \u00e4ven p\u00e5 skogsstigarna. Korsar ett harsp\u00e5r, delar stig med ett r\u00e5djur som vandrat h\u00e4r f\u00f6re mig, funderar \u00f6ver &hellip; <a href=\"https:\/\/sven-ove.nu\/?p=8102\" class=\"more-link\">Forts\u00e4tt l\u00e4sa <span class=\"screen-reader-text\">Fr\u00e5gan i pulkabacken<\/span><\/a><\/p>\n","protected":false},"author":1,"featured_media":0,"comment_status":"open","ping_status":"open","sticky":false,"template":"","format":"standard","meta":{"_crdt_document":"","_monsterinsights_skip_tracking":false,"_monsterinsights_sitenote_active":false,"_monsterinsights_sitenote_note":"","_monsterinsights_sitenote_category":0,"footnotes":""},"categories":[5],"tags":[26,20],"class_list":["post-8102","post","type-post","status-publish","format-standard","hentry","category-lopning","tag-natur-2","tag-rad"],"_links":{"self":[{"href":"https:\/\/sven-ove.nu\/index.php?rest_route=\/wp\/v2\/posts\/8102","targetHints":{"allow":["GET"]}}],"collection":[{"href":"https:\/\/sven-ove.nu\/index.php?rest_route=\/wp\/v2\/posts"}],"about":[{"href":"https:\/\/sven-ove.nu\/index.php?rest_route=\/wp\/v2\/types\/post"}],"author":[{"embeddable":true,"href":"https:\/\/sven-ove.nu\/index.php?rest_route=\/wp\/v2\/users\/1"}],"replies":[{"embeddable":true,"href":"https:\/\/sven-ove.nu\/index.php?rest_route=%2Fwp%2Fv2%2Fcomments&post=8102"}],"version-history":[{"count":3,"href":"https:\/\/sven-ove.nu\/index.php?rest_route=\/wp\/v2\/posts\/8102\/revisions"}],"predecessor-version":[{"id":8106,"href":"https:\/\/sven-ove.nu\/index.php?rest_route=\/wp\/v2\/posts\/8102\/revisions\/8106"}],"wp:attachment":[{"href":"https:\/\/sven-ove.nu\/index.php?rest_route=%2Fwp%2Fv2%2Fmedia&parent=8102"}],"wp:term":[{"taxonomy":"category","embeddable":true,"href":"https:\/\/sven-ove.nu\/index.php?rest_route=%2Fwp%2Fv2%2Fcategories&post=8102"},{"taxonomy":"post_tag","embeddable":true,"href":"https:\/\/sven-ove.nu\/index.php?rest_route=%2Fwp%2Fv2%2Ftags&post=8102"}],"curies":[{"name":"wp","href":"https:\/\/api.w.org\/{rel}","templated":true}]}}