{"id":8149,"date":"2014-01-23T03:00:20","date_gmt":"2014-01-23T02:00:20","guid":{"rendered":"http:\/\/sven-ove.nu\/?p=8149"},"modified":"2014-01-22T18:01:24","modified_gmt":"2014-01-22T17:01:24","slug":"oket-pa-bordet","status":"publish","type":"post","link":"https:\/\/sven-ove.nu\/?p=8149","title":{"rendered":"Oket p\u00e5 bordet"},"content":{"rendered":"<p><a href=\"https:\/\/sven-ove.nu\/wp-content\/uploads\/2014\/01\/Oket-och-magfr\u00e5gan.jpg\"><img loading=\"lazy\" decoding=\"async\" class=\"size-medium wp-image-8151 alignleft\" alt=\"Oket och magfr\u00e5gan\" src=\"https:\/\/sven-ove.nu\/wp-content\/uploads\/2014\/01\/Oket-och-magfr\u00e5gan-281x300.jpg\" width=\"281\" height=\"300\" srcset=\"https:\/\/sven-ove.nu\/wp-content\/uploads\/2014\/01\/Oket-och-magfr\u00e5gan-281x300.jpg 281w, https:\/\/sven-ove.nu\/wp-content\/uploads\/2014\/01\/Oket-och-magfr\u00e5gan-959x1024.jpg 959w, https:\/\/sven-ove.nu\/wp-content\/uploads\/2014\/01\/Oket-och-magfr\u00e5gan.jpg 1086w\" sizes=\"auto, (max-width: 281px) 100vw, 281px\" \/><\/a>Men v\u00e4nta nu, vad \u00e4r det h\u00e4r? Ett gammalt ok p\u00e5 ett bord mitt i Grossbolstorp? \u00c5r 2014? Sliter du f\u00f6r br\u00f6df\u00f6dan? Ska du b\u00f6rja s\u00e4lja n\u00f6dv\u00e4ndiga tr\u00e4verktyg fr\u00e5n Alliansens dagar?<\/p>\n<p>Lugn.\u00a0Klicka p\u00e5 l\u00e4nken och l\u00e4s min Ida-kr\u00f6nika s\u00e5 fattar du:<\/p>\n<p><a href=\"http:\/\/tankesmedjanida.se\/?chronicle=ibland-blir-jag-trott-pa-bonderomantiken\">Ibland blir jag tr\u00f6tt p\u00e5 bonderomantiken<\/a><\/p>\n<p>&nbsp;<\/p>\n","protected":false},"excerpt":{"rendered":"<p>Men v\u00e4nta nu, vad \u00e4r det h\u00e4r? Ett gammalt ok p\u00e5 ett bord mitt i Grossbolstorp? \u00c5r 2014? Sliter du f\u00f6r br\u00f6df\u00f6dan? Ska du b\u00f6rja s\u00e4lja n\u00f6dv\u00e4ndiga tr\u00e4verktyg fr\u00e5n Alliansens dagar? Lugn.\u00a0Klicka p\u00e5 l\u00e4nken och l\u00e4s min Ida-kr\u00f6nika s\u00e5 fattar du: Ibland blir jag tr\u00f6tt p\u00e5 bonderomantiken &nbsp;<\/p>\n","protected":false},"author":1,"featured_media":0,"comment_status":"open","ping_status":"open","sticky":false,"template":"","format":"standard","meta":{"_crdt_document":"","_monsterinsights_skip_tracking":false,"_monsterinsights_sitenote_active":false,"_monsterinsights_sitenote_note":"","_monsterinsights_sitenote_category":0,"footnotes":""},"categories":[10],"tags":[3,8,24,20,13],"class_list":["post-8149","post","type-post","status-publish","format-standard","hentry","category-familjen","tag-arbete","tag-historia","tag-karlek","tag-rad","tag-utrustning"],"_links":{"self":[{"href":"https:\/\/sven-ove.nu\/index.php?rest_route=\/wp\/v2\/posts\/8149","targetHints":{"allow":["GET"]}}],"collection":[{"href":"https:\/\/sven-ove.nu\/index.php?rest_route=\/wp\/v2\/posts"}],"about":[{"href":"https:\/\/sven-ove.nu\/index.php?rest_route=\/wp\/v2\/types\/post"}],"author":[{"embeddable":true,"href":"https:\/\/sven-ove.nu\/index.php?rest_route=\/wp\/v2\/users\/1"}],"replies":[{"embeddable":true,"href":"https:\/\/sven-ove.nu\/index.php?rest_route=%2Fwp%2Fv2%2Fcomments&post=8149"}],"version-history":[{"count":5,"href":"https:\/\/sven-ove.nu\/index.php?rest_route=\/wp\/v2\/posts\/8149\/revisions"}],"predecessor-version":[{"id":8155,"href":"https:\/\/sven-ove.nu\/index.php?rest_route=\/wp\/v2\/posts\/8149\/revisions\/8155"}],"wp:attachment":[{"href":"https:\/\/sven-ove.nu\/index.php?rest_route=%2Fwp%2Fv2%2Fmedia&parent=8149"}],"wp:term":[{"taxonomy":"category","embeddable":true,"href":"https:\/\/sven-ove.nu\/index.php?rest_route=%2Fwp%2Fv2%2Fcategories&post=8149"},{"taxonomy":"post_tag","embeddable":true,"href":"https:\/\/sven-ove.nu\/index.php?rest_route=%2Fwp%2Fv2%2Ftags&post=8149"}],"curies":[{"name":"wp","href":"https:\/\/api.w.org\/{rel}","templated":true}]}}