{"id":8171,"date":"2014-01-27T03:00:54","date_gmt":"2014-01-27T02:00:54","guid":{"rendered":"http:\/\/sven-ove.nu\/?p=8171"},"modified":"2014-01-26T19:55:15","modified_gmt":"2014-01-26T18:55:15","slug":"naturens-egen-lindring","status":"publish","type":"post","link":"https:\/\/sven-ove.nu\/?p=8171","title":{"rendered":"Naturens egen lindring"},"content":{"rendered":"<p><a href=\"https:\/\/sven-ove.nu\/wp-content\/uploads\/2014\/01\/V\u00e4ntan.jpg\"><img loading=\"lazy\" decoding=\"async\" class=\"alignleft size-large wp-image-8174\" alt=\"V\u00e4ntan\" src=\"https:\/\/sven-ove.nu\/wp-content\/uploads\/2014\/01\/V\u00e4ntan-1024x376.jpg\" width=\"640\" height=\"235\" srcset=\"https:\/\/sven-ove.nu\/wp-content\/uploads\/2014\/01\/V\u00e4ntan-1024x376.jpg 1024w, https:\/\/sven-ove.nu\/wp-content\/uploads\/2014\/01\/V\u00e4ntan-300x110.jpg 300w\" sizes=\"auto, (max-width: 640px) 100vw, 640px\" \/><\/a><\/p>\n<p>En s\u00e5dan h\u00e4r dag t\u00e4nker jag g\u00e4rna p\u00e5 en f\u00e5gel som kommit i skymundan p\u00e5 senare \u00e5r. <b>Hugsvalan<\/b>. F\u00e5geln har blivit k\u00e4nd f\u00f6r sin speciella s\u00e5ng. Den p\u00e5minner \u00a0om sidensvansens \u201dringande i silverklockor\u201d och detta ringande utf\u00f6rs med f\u00f6rk\u00e4rlek fr\u00e5n toppen av en gammal lind. S\u00e5 kallad <strong>lindring<\/strong>.<\/p>\n<p>Hugsvalan. Snart \u00e4r hon h\u00e4r igen.<\/p>\n","protected":false},"excerpt":{"rendered":"<p>En s\u00e5dan h\u00e4r dag t\u00e4nker jag g\u00e4rna p\u00e5 en f\u00e5gel som kommit i skymundan p\u00e5 senare \u00e5r. Hugsvalan. F\u00e5geln har blivit k\u00e4nd f\u00f6r sin speciella s\u00e5ng. Den p\u00e5minner \u00a0om sidensvansens \u201dringande i silverklockor\u201d och detta ringande utf\u00f6rs med f\u00f6rk\u00e4rlek fr\u00e5n toppen av en gammal lind. S\u00e5 kallad lindring. Hugsvalan. Snart \u00e4r hon h\u00e4r igen.<\/p>\n","protected":false},"author":1,"featured_media":0,"comment_status":"open","ping_status":"open","sticky":false,"template":"","format":"standard","meta":{"_crdt_document":"","_monsterinsights_skip_tracking":false,"_monsterinsights_sitenote_active":false,"_monsterinsights_sitenote_note":"","_monsterinsights_sitenote_category":0,"footnotes":""},"categories":[6],"tags":[24,21],"class_list":["post-8171","post","type-post","status-publish","format-standard","hentry","category-natur","tag-karlek","tag-ord"],"_links":{"self":[{"href":"https:\/\/sven-ove.nu\/index.php?rest_route=\/wp\/v2\/posts\/8171","targetHints":{"allow":["GET"]}}],"collection":[{"href":"https:\/\/sven-ove.nu\/index.php?rest_route=\/wp\/v2\/posts"}],"about":[{"href":"https:\/\/sven-ove.nu\/index.php?rest_route=\/wp\/v2\/types\/post"}],"author":[{"embeddable":true,"href":"https:\/\/sven-ove.nu\/index.php?rest_route=\/wp\/v2\/users\/1"}],"replies":[{"embeddable":true,"href":"https:\/\/sven-ove.nu\/index.php?rest_route=%2Fwp%2Fv2%2Fcomments&post=8171"}],"version-history":[{"count":5,"href":"https:\/\/sven-ove.nu\/index.php?rest_route=\/wp\/v2\/posts\/8171\/revisions"}],"predecessor-version":[{"id":8173,"href":"https:\/\/sven-ove.nu\/index.php?rest_route=\/wp\/v2\/posts\/8171\/revisions\/8173"}],"wp:attachment":[{"href":"https:\/\/sven-ove.nu\/index.php?rest_route=%2Fwp%2Fv2%2Fmedia&parent=8171"}],"wp:term":[{"taxonomy":"category","embeddable":true,"href":"https:\/\/sven-ove.nu\/index.php?rest_route=%2Fwp%2Fv2%2Fcategories&post=8171"},{"taxonomy":"post_tag","embeddable":true,"href":"https:\/\/sven-ove.nu\/index.php?rest_route=%2Fwp%2Fv2%2Ftags&post=8171"}],"curies":[{"name":"wp","href":"https:\/\/api.w.org\/{rel}","templated":true}]}}