{"id":8178,"date":"2014-01-28T03:00:04","date_gmt":"2014-01-28T02:00:04","guid":{"rendered":"http:\/\/sven-ove.nu\/?p=8178"},"modified":"2014-01-28T20:57:46","modified_gmt":"2014-01-28T19:57:46","slug":"det-ofattbara","status":"publish","type":"post","link":"https:\/\/sven-ove.nu\/?p=8178","title":{"rendered":"Det ofattbara"},"content":{"rendered":"<p>Det finns tal som \u00e4r f\u00f6r sv\u00e5ra att f\u00f6rst\u00e5. 200 000, vem fattar den m\u00e4ngden? Eller 500 000? Forskarna r\u00e4knar med att sanningen ligger n\u00e5gonstans d\u00e4r emellan. S\u00e5 m\u00e5nga romer m\u00f6rdades av nazisterna. Kanske en fj\u00e4rdedel av det romska folket.<\/p>\n<p>Siffrorna m\u00f6ter mig p\u00e5 stadsbiblioteket i Karlstad. Det h\u00e4nger en utst\u00e4llning en trappa upp som ber\u00e4ttar om romerna under F\u00f6rintelsen.\u00a0200 000? 500 000? Som sandkorn,\u00a0som stj\u00e4rnor, som sn\u00f6flingorna i luften n\u00e4r jag gick hit.<\/p>\n<p><a href=\"https:\/\/sven-ove.nu\/wp-content\/uploads\/2014\/01\/Johann-Trollman.jpg\"><img loading=\"lazy\" decoding=\"async\" class=\"alignright size-medium wp-image-8183\" alt=\"Johann Trollman\" src=\"https:\/\/sven-ove.nu\/wp-content\/uploads\/2014\/01\/Johann-Trollman-285x300.jpg\" width=\"285\" height=\"300\" srcset=\"https:\/\/sven-ove.nu\/wp-content\/uploads\/2014\/01\/Johann-Trollman-285x300.jpg 285w, https:\/\/sven-ove.nu\/wp-content\/uploads\/2014\/01\/Johann-Trollman-974x1024.jpg 974w, https:\/\/sven-ove.nu\/wp-content\/uploads\/2014\/01\/Johann-Trollman.jpg 1171w\" sizes=\"auto, (max-width: 285px) 100vw, 285px\" \/><\/a>Ofattbart m\u00e5nga.<\/p>\n<p style=\"padding-left: 30px;\"><b>Siffran ett f\u00f6rst\u00e5r jag b\u00e4ttre. Han tittar p\u00e5 mig fr\u00e5n ett sportfoto. Boxaren Johann \u201dGypsy\u201d Trollman blev tysk m\u00e4stare i mellanvikt i juni 1933.\u00a0<\/b><\/p>\n<p style=\"padding-left: 30px;\"><b><\/b><b>N\u00e5gra dagar senare tog nazisterna titeln ifr\u00e5n honom. Han var ju rom.\u00a0<\/b><\/p>\n<p style=\"padding-left: 30px;\"><b><\/b><b>Den 9 februari 1943 sk\u00f6t de honom i koncentrationsl\u00e4gret Neuengamme.<\/b><\/p>\n<p>Nu g\u00e5r jag en bit bort p\u00e5 Sandgrundsudden till m\u00f6tet i museets h\u00f6rsal. <a href=\"http:\/\/www.caldaras.com\" target=\"_blank\">Hans Caldaras<\/a>, den romske s\u00e5ngaren, artisten och f\u00f6rfattaren, ska ber\u00e4tta om romernas situation under \u00a0nazisternas f\u00f6rf\u00f6ljelse. Det \u00e4r den 27 januari, F\u00f6rintelsens minnesdag.<\/p>\n<p>Jag lyssnar, han talar v\u00e4l, om f\u00f6rf\u00f6ljelsen under Hitler men ocks\u00e5 om hur han sj\u00e4lv blev f\u00f6rf\u00f6ljd som barn och senare i livet i Sverige. Efter\u00e5t, n\u00e4r jag ska skriva detta, kommer det bara fram tv\u00e5 ord p\u00e5 datorsk\u00e4rmen. Samma tv\u00e5 ord hela tiden.<\/p>\n<p style=\"padding-left: 30px;\"><strong>Aldrig mer.<\/strong><\/p>\n","protected":false},"excerpt":{"rendered":"<p>Det finns tal som \u00e4r f\u00f6r sv\u00e5ra att f\u00f6rst\u00e5. 200 000, vem fattar den m\u00e4ngden? Eller 500 000? Forskarna r\u00e4knar med att sanningen ligger n\u00e5gonstans d\u00e4r emellan. S\u00e5 m\u00e5nga romer m\u00f6rdades av nazisterna. Kanske en fj\u00e4rdedel av det romska folket. Siffrorna m\u00f6ter mig p\u00e5 stadsbiblioteket i Karlstad. Det h\u00e4nger en utst\u00e4llning en trappa upp som &hellip; <a href=\"https:\/\/sven-ove.nu\/?p=8178\" class=\"more-link\">Forts\u00e4tt l\u00e4sa <span class=\"screen-reader-text\">Det ofattbara<\/span><\/a><\/p>\n","protected":false},"author":1,"featured_media":0,"comment_status":"open","ping_status":"open","sticky":false,"template":"","format":"standard","meta":{"_crdt_document":"","_monsterinsights_skip_tracking":false,"_monsterinsights_sitenote_active":false,"_monsterinsights_sitenote_note":"","_monsterinsights_sitenote_category":0,"footnotes":""},"categories":[9],"tags":[8,18],"class_list":["post-8178","post","type-post","status-publish","format-standard","hentry","category-politik","tag-historia","tag-lardomar"],"_links":{"self":[{"href":"https:\/\/sven-ove.nu\/index.php?rest_route=\/wp\/v2\/posts\/8178","targetHints":{"allow":["GET"]}}],"collection":[{"href":"https:\/\/sven-ove.nu\/index.php?rest_route=\/wp\/v2\/posts"}],"about":[{"href":"https:\/\/sven-ove.nu\/index.php?rest_route=\/wp\/v2\/types\/post"}],"author":[{"embeddable":true,"href":"https:\/\/sven-ove.nu\/index.php?rest_route=\/wp\/v2\/users\/1"}],"replies":[{"embeddable":true,"href":"https:\/\/sven-ove.nu\/index.php?rest_route=%2Fwp%2Fv2%2Fcomments&post=8178"}],"version-history":[{"count":7,"href":"https:\/\/sven-ove.nu\/index.php?rest_route=\/wp\/v2\/posts\/8178\/revisions"}],"predecessor-version":[{"id":8200,"href":"https:\/\/sven-ove.nu\/index.php?rest_route=\/wp\/v2\/posts\/8178\/revisions\/8200"}],"wp:attachment":[{"href":"https:\/\/sven-ove.nu\/index.php?rest_route=%2Fwp%2Fv2%2Fmedia&parent=8178"}],"wp:term":[{"taxonomy":"category","embeddable":true,"href":"https:\/\/sven-ove.nu\/index.php?rest_route=%2Fwp%2Fv2%2Fcategories&post=8178"},{"taxonomy":"post_tag","embeddable":true,"href":"https:\/\/sven-ove.nu\/index.php?rest_route=%2Fwp%2Fv2%2Ftags&post=8178"}],"curies":[{"name":"wp","href":"https:\/\/api.w.org\/{rel}","templated":true}]}}