{"id":8205,"date":"2014-02-05T03:00:08","date_gmt":"2014-02-05T02:00:08","guid":{"rendered":"http:\/\/sven-ove.nu\/?p=8205"},"modified":"2014-02-03T17:48:54","modified_gmt":"2014-02-03T16:48:54","slug":"det-karaste-du-har-vill-du-visa-pa-bild","status":"publish","type":"post","link":"https:\/\/sven-ove.nu\/?p=8205","title":{"rendered":"Det k\u00e4raste du har vill du visa p\u00e5 bild"},"content":{"rendered":"<p><a href=\"https:\/\/sven-ove.nu\/wp-content\/uploads\/2014\/01\/K\u00e4tterud.jpg\"><img loading=\"lazy\" decoding=\"async\" class=\"alignright size-full wp-image-8206\" alt=\"K\u00e4tterud\" src=\"https:\/\/sven-ove.nu\/wp-content\/uploads\/2014\/01\/K\u00e4tterud.jpg\" width=\"800\" height=\"551\" srcset=\"https:\/\/sven-ove.nu\/wp-content\/uploads\/2014\/01\/K\u00e4tterud.jpg 800w, https:\/\/sven-ove.nu\/wp-content\/uploads\/2014\/01\/K\u00e4tterud-300x206.jpg 300w\" sizes=\"auto, (max-width: 800px) 100vw, 800px\" \/><\/a><\/p>\n<p>I fjol var det en <strong>selfie<\/strong> du skulle ta. Bild p\u00e5 dig sj\u00e4lv. Ordet blev utsett till \u00e5rets ord av Oxford Dictionary och h\u00e4r i Sverige kom det med i Spr\u00e5kr\u00e5dets nyordlista. Vi talar om ett sj\u00e4lvportr\u00e4tt publicerat i sociala medier.<\/p>\n<p>Nu kommer <strong>felfien<\/strong>. Precis som den sj\u00e4lvmedvetne pekade p\u00e5 sig sj\u00e4lv med kameran i fjol s\u00e5 ska han g\u00f6ra det i \u00e5r. Fast nu ska du dessutom ha ett djur med p\u00e5 bilden.<\/p>\n<p><b>Samlar djurbilder fr\u00e5n hela v\u00e4rlden<br \/>\n<\/b>Det p\u00e5st\u00e5s att trenden startades av irl\u00e4ndska b\u00f6nder. P\u00e5 webbplatsen <a href=\"http:\/\/farmingselfie.com\">farmingselfie.com<\/a> samlar de bilder p\u00e5 jordbrukare v\u00e4rlden \u00f6ver som poserar med sina djur.<\/p>\n<p>N\u00e5, detta \u00e4r inget nytt. Det vet var och en som bl\u00e4ddrat i det sociala mediet &#8211; farmors fotol\u00e5da. Varenda sm\u00e5bonde med sj\u00e4lvaktning l\u00e4t fotografera sig med familjen framf\u00f6r mang\u00e5rdsbyggnaden. D\u00e5 skulle h\u00e4sten vara med.<\/p>\n<p>Selfien var inget nytt.<br \/>\nDet \u00e4r inte felfien heller.<br \/>\nMen om b\u00e5da vittnar om k\u00e4rlek, s\u00e5 f\u00f6redrar jag h\u00e4sten framf\u00f6r sj\u00e4lvet.<\/p>\n<p style=\"padding-left: 30px;\"><i>P\u00e5 bilden: Vilhelm och Lotten Jansson i K\u00e4tterud, Grava, med barn och h\u00e4st. \u00c5rtal ok\u00e4nt.\u00a0<\/i><i>(L\u00e4nk till fotot: <a href=\"http:\/\/www.nyed.se\/Arkiv01\/visa.php?id=9223\">http:\/\/www.nyed.se\/Arkiv01\/visa.php?id=9223<\/a>)<\/i><\/p>\n","protected":false},"excerpt":{"rendered":"<p>I fjol var det en selfie du skulle ta. Bild p\u00e5 dig sj\u00e4lv. Ordet blev utsett till \u00e5rets ord av Oxford Dictionary och h\u00e4r i Sverige kom det med i Spr\u00e5kr\u00e5dets nyordlista. Vi talar om ett sj\u00e4lvportr\u00e4tt publicerat i sociala medier. Nu kommer felfien. Precis som den sj\u00e4lvmedvetne pekade p\u00e5 sig sj\u00e4lv med kameran i &hellip; <a href=\"https:\/\/sven-ove.nu\/?p=8205\" class=\"more-link\">Forts\u00e4tt l\u00e4sa <span class=\"screen-reader-text\">Det k\u00e4raste du har vill du visa p\u00e5 bild<\/span><\/a><\/p>\n","protected":false},"author":1,"featured_media":0,"comment_status":"open","ping_status":"open","sticky":false,"template":"","format":"standard","meta":{"_crdt_document":"","_monsterinsights_skip_tracking":false,"_monsterinsights_sitenote_active":false,"_monsterinsights_sitenote_note":"","_monsterinsights_sitenote_category":0,"footnotes":""},"categories":[10],"tags":[8,24,21],"class_list":["post-8205","post","type-post","status-publish","format-standard","hentry","category-familjen","tag-historia","tag-karlek","tag-ord"],"_links":{"self":[{"href":"https:\/\/sven-ove.nu\/index.php?rest_route=\/wp\/v2\/posts\/8205","targetHints":{"allow":["GET"]}}],"collection":[{"href":"https:\/\/sven-ove.nu\/index.php?rest_route=\/wp\/v2\/posts"}],"about":[{"href":"https:\/\/sven-ove.nu\/index.php?rest_route=\/wp\/v2\/types\/post"}],"author":[{"embeddable":true,"href":"https:\/\/sven-ove.nu\/index.php?rest_route=\/wp\/v2\/users\/1"}],"replies":[{"embeddable":true,"href":"https:\/\/sven-ove.nu\/index.php?rest_route=%2Fwp%2Fv2%2Fcomments&post=8205"}],"version-history":[{"count":2,"href":"https:\/\/sven-ove.nu\/index.php?rest_route=\/wp\/v2\/posts\/8205\/revisions"}],"predecessor-version":[{"id":8208,"href":"https:\/\/sven-ove.nu\/index.php?rest_route=\/wp\/v2\/posts\/8205\/revisions\/8208"}],"wp:attachment":[{"href":"https:\/\/sven-ove.nu\/index.php?rest_route=%2Fwp%2Fv2%2Fmedia&parent=8205"}],"wp:term":[{"taxonomy":"category","embeddable":true,"href":"https:\/\/sven-ove.nu\/index.php?rest_route=%2Fwp%2Fv2%2Fcategories&post=8205"},{"taxonomy":"post_tag","embeddable":true,"href":"https:\/\/sven-ove.nu\/index.php?rest_route=%2Fwp%2Fv2%2Ftags&post=8205"}],"curies":[{"name":"wp","href":"https:\/\/api.w.org\/{rel}","templated":true}]}}