{"id":8223,"date":"2014-01-30T03:00:47","date_gmt":"2014-01-30T02:00:47","guid":{"rendered":"http:\/\/sven-ove.nu\/?p=8223"},"modified":"2014-01-29T15:33:43","modified_gmt":"2014-01-29T14:33:43","slug":"takknocken-och-sanddynorna","status":"publish","type":"post","link":"https:\/\/sven-ove.nu\/?p=8223","title":{"rendered":"Takknocken och sanddynorna"},"content":{"rendered":"<p><a href=\"https:\/\/sven-ove.nu\/wp-content\/uploads\/2014\/01\/V\u00e4ntan.jpg\"><img loading=\"lazy\" decoding=\"async\" class=\"size-thumbnail wp-image-8174 alignleft\" alt=\"V\u00e4ntan\" src=\"https:\/\/sven-ove.nu\/wp-content\/uploads\/2014\/01\/V\u00e4ntan-150x150.jpg\" width=\"150\" height=\"150\" \/><\/a>Det b\u00f6rjade brinna i <i>takknocken<\/i>, skriver den ena l\u00e4nstidningen medan den andra minns hur gamla VW-buggies intog <i>sanddynorna <\/i>p\u00e5 1960- och 70-talen.<\/p>\n<p>Tak-knock? L\u00e5nga gossars h\u00e5rda slag?<br \/>\nSand-dynor? Kuddar att v\u00e4rma i mikron och lindra sm\u00e4rtan med efter en rej\u00e4l takknock?<\/p>\n<p><b>Return december<br \/>\n<\/b>Asch, jag ska inte s\u00e4ga n\u00e5got. Vem var det som stod en halv arbetsdag och \u00e4ndrade ortnamnet Angerdshestra till \u201dAngeredshestra\u201d i Sm\u00e5lands Folkblads predikoturer inf\u00f6r allhelgonahelgen 1975? Bara f\u00f6r att jag hade bott tv\u00e5 terminer i G\u00f6teborg. Vem var det som ville att matlagarna i J\u00f6nk\u00f6ping med omnejd skulle h\u00e4lla \u201dkn\u00f6rvel\u201d i maten? Eller f\u00f6rs\u00f6kte g\u00f6ra Fryksdalsbanan smalsp\u00e5rig 1980. Eller trodde att Elvis sj\u00f6ng \u201dReturn december\u201d. Det var lilla jag det.<\/p>\n<p>Hur d\u00e5 tillbaka i december?<br \/>\nJag fattade aldrig riktigt hur Elvis t\u00e4nkte d\u00e4r.<\/p>\n<p style=\"padding-left: 30px;\"><b>Varf\u00f6r \u00e4r det roligare n\u00e4r det blir fel \u00e4n n\u00e4r det blir r\u00e4tt? \u00c4r det f\u00f6r att vi blir r\u00e4dda och drar mungiporna bak\u00e5t, som en hund beredd till f\u00f6rsvar?<\/b><\/p>\n<p style=\"padding-left: 30px;\"><b>Ja.<\/b><\/p>\n","protected":false},"excerpt":{"rendered":"<p>Det b\u00f6rjade brinna i takknocken, skriver den ena l\u00e4nstidningen medan den andra minns hur gamla VW-buggies intog sanddynorna p\u00e5 1960- och 70-talen. Tak-knock? L\u00e5nga gossars h\u00e5rda slag? Sand-dynor? Kuddar att v\u00e4rma i mikron och lindra sm\u00e4rtan med efter en rej\u00e4l takknock? Return december Asch, jag ska inte s\u00e4ga n\u00e5got. Vem var det som stod en &hellip; <a href=\"https:\/\/sven-ove.nu\/?p=8223\" class=\"more-link\">Forts\u00e4tt l\u00e4sa <span class=\"screen-reader-text\">Takknocken och sanddynorna<\/span><\/a><\/p>\n","protected":false},"author":1,"featured_media":0,"comment_status":"open","ping_status":"open","sticky":false,"template":"","format":"standard","meta":{"_crdt_document":"","_monsterinsights_skip_tracking":false,"_monsterinsights_sitenote_active":false,"_monsterinsights_sitenote_note":"","_monsterinsights_sitenote_category":0,"footnotes":""},"categories":[4],"tags":[15,21],"class_list":["post-8223","post","type-post","status-publish","format-standard","hentry","category-skrivande","tag-mediedjungeln","tag-ord"],"_links":{"self":[{"href":"https:\/\/sven-ove.nu\/index.php?rest_route=\/wp\/v2\/posts\/8223","targetHints":{"allow":["GET"]}}],"collection":[{"href":"https:\/\/sven-ove.nu\/index.php?rest_route=\/wp\/v2\/posts"}],"about":[{"href":"https:\/\/sven-ove.nu\/index.php?rest_route=\/wp\/v2\/types\/post"}],"author":[{"embeddable":true,"href":"https:\/\/sven-ove.nu\/index.php?rest_route=\/wp\/v2\/users\/1"}],"replies":[{"embeddable":true,"href":"https:\/\/sven-ove.nu\/index.php?rest_route=%2Fwp%2Fv2%2Fcomments&post=8223"}],"version-history":[{"count":4,"href":"https:\/\/sven-ove.nu\/index.php?rest_route=\/wp\/v2\/posts\/8223\/revisions"}],"predecessor-version":[{"id":8227,"href":"https:\/\/sven-ove.nu\/index.php?rest_route=\/wp\/v2\/posts\/8223\/revisions\/8227"}],"wp:attachment":[{"href":"https:\/\/sven-ove.nu\/index.php?rest_route=%2Fwp%2Fv2%2Fmedia&parent=8223"}],"wp:term":[{"taxonomy":"category","embeddable":true,"href":"https:\/\/sven-ove.nu\/index.php?rest_route=%2Fwp%2Fv2%2Fcategories&post=8223"},{"taxonomy":"post_tag","embeddable":true,"href":"https:\/\/sven-ove.nu\/index.php?rest_route=%2Fwp%2Fv2%2Ftags&post=8223"}],"curies":[{"name":"wp","href":"https:\/\/api.w.org\/{rel}","templated":true}]}}