{"id":8229,"date":"2014-01-31T03:00:31","date_gmt":"2014-01-31T02:00:31","guid":{"rendered":"http:\/\/sven-ove.nu\/?p=8229"},"modified":"2014-01-31T06:59:38","modified_gmt":"2014-01-31T05:59:38","slug":"den-nast-mest-delade","status":"publish","type":"post","link":"https:\/\/sven-ove.nu\/?p=8229","title":{"rendered":"Den n\u00e4st mest delade"},"content":{"rendered":"<p>De lever sitt liv d\u00e4r ute i cyberrymden. P\u00e5verkarna. Sj\u00e4lv har jag skrattat \u00e5t reklamfilmerna f\u00f6r <a href=\"http:\/\/www.youtube.com\/watch?v=mgCIKGIYJ1A\">kollektivtrafik<\/a>, var de belgiska? Jag har f\u00f6rundrats \u00f6ver Van Damms episka split, muttrat \u00f6ver m\u00e5nglarna som s\u00e5lde Fr\u00f6ding till Volvo, lyssnat till historien om hur en fotbollsspelare fr\u00e5n Roseng\u00e5rd ringde samma bilf\u00f6retag och undrade om de inte ville g\u00f6ra en liten film\u2026<\/p>\n<p>&#8211; Arvode? Tja, har ni 10 miljoner? Har ni tolv?<\/p>\n<p style=\"padding-left: 30px;\"><strong>Sedan s\u00e5g jag den h\u00e4r. Du har f\u00f6rmodligen sett filmen tidigare, men jag lyckades missa den. Personligen avskyr jag de mer vanliga Dolda kameran-programmen, eftersom id\u00e9n alltid anv\u00e4nds f\u00f6r att g\u00f6ra narr av folk.<\/strong><\/p>\n<p>Inte h\u00e4r. Filmen \u00e4r gjord med v\u00e4rme. S\u00e5 \u00e4r den ocks\u00e5 den svenska reklamfilm som \u00e4r n\u00e4st mest delad i sociala medier, bara Van Damm-filmen \u00e4r mer spridd.<\/p>\n<p>Titta nu:<br \/>\n<a href=\"http:\/\/www.youtube.com\/watch?v=BRAM8MpqIeA\">Photoshop Live Street Retouch Prank<\/a><\/p>\n<p><em>Ta g\u00e4rna den h\u00e4r med n\u00e4r du \u00e4nd\u00e5 h\u00e5ller p\u00e5, det \u00e4r ju fredag:<\/em><br \/>\n<em> <a href=\"https:\/\/www.youtube.com\/watch?feature=player_embedded&amp;v=6CdiPYNESTc\" target=\"_blank\">Markoolio skojar med Zlatanfilmen<\/a><\/em><\/p>\n","protected":false},"excerpt":{"rendered":"<p>De lever sitt liv d\u00e4r ute i cyberrymden. P\u00e5verkarna. Sj\u00e4lv har jag skrattat \u00e5t reklamfilmerna f\u00f6r kollektivtrafik, var de belgiska? Jag har f\u00f6rundrats \u00f6ver Van Damms episka split, muttrat \u00f6ver m\u00e5nglarna som s\u00e5lde Fr\u00f6ding till Volvo, lyssnat till historien om hur en fotbollsspelare fr\u00e5n Roseng\u00e5rd ringde samma bilf\u00f6retag och undrade om de inte ville g\u00f6ra &hellip; <a href=\"https:\/\/sven-ove.nu\/?p=8229\" class=\"more-link\">Forts\u00e4tt l\u00e4sa <span class=\"screen-reader-text\">Den n\u00e4st mest delade<\/span><\/a><\/p>\n","protected":false},"author":1,"featured_media":0,"comment_status":"open","ping_status":"open","sticky":false,"template":"","format":"standard","meta":{"_crdt_document":"","_monsterinsights_skip_tracking":false,"_monsterinsights_sitenote_active":false,"_monsterinsights_sitenote_note":"","_monsterinsights_sitenote_category":0,"footnotes":""},"categories":[4],"tags":[24,15,13],"class_list":["post-8229","post","type-post","status-publish","format-standard","hentry","category-skrivande","tag-karlek","tag-mediedjungeln","tag-utrustning"],"_links":{"self":[{"href":"https:\/\/sven-ove.nu\/index.php?rest_route=\/wp\/v2\/posts\/8229","targetHints":{"allow":["GET"]}}],"collection":[{"href":"https:\/\/sven-ove.nu\/index.php?rest_route=\/wp\/v2\/posts"}],"about":[{"href":"https:\/\/sven-ove.nu\/index.php?rest_route=\/wp\/v2\/types\/post"}],"author":[{"embeddable":true,"href":"https:\/\/sven-ove.nu\/index.php?rest_route=\/wp\/v2\/users\/1"}],"replies":[{"embeddable":true,"href":"https:\/\/sven-ove.nu\/index.php?rest_route=%2Fwp%2Fv2%2Fcomments&post=8229"}],"version-history":[{"count":6,"href":"https:\/\/sven-ove.nu\/index.php?rest_route=\/wp\/v2\/posts\/8229\/revisions"}],"predecessor-version":[{"id":8235,"href":"https:\/\/sven-ove.nu\/index.php?rest_route=\/wp\/v2\/posts\/8229\/revisions\/8235"}],"wp:attachment":[{"href":"https:\/\/sven-ove.nu\/index.php?rest_route=%2Fwp%2Fv2%2Fmedia&parent=8229"}],"wp:term":[{"taxonomy":"category","embeddable":true,"href":"https:\/\/sven-ove.nu\/index.php?rest_route=%2Fwp%2Fv2%2Fcategories&post=8229"},{"taxonomy":"post_tag","embeddable":true,"href":"https:\/\/sven-ove.nu\/index.php?rest_route=%2Fwp%2Fv2%2Ftags&post=8229"}],"curies":[{"name":"wp","href":"https:\/\/api.w.org\/{rel}","templated":true}]}}