{"id":823,"date":"2012-01-08T06:00:26","date_gmt":"2012-01-08T05:00:26","guid":{"rendered":"http:\/\/sven-ove.nu\/?p=823"},"modified":"2012-01-08T14:13:23","modified_gmt":"2012-01-08T13:13:23","slug":"alla-dagar-ska-inte-vara-lika","status":"publish","type":"post","link":"https:\/\/sven-ove.nu\/?p=823","title":{"rendered":"Alla dagar ska inte vara lika"},"content":{"rendered":"<p>En g\u00e5ng var jag och lyssnade p\u00e5 den duktiga bilhandlaren <strong>Kajsa Jansson<\/strong>. \u201dAlla dagar ska inte vara lika\u201d sa hon, och ber\u00e4ttade hur hon f\u00f6rs\u00f6kte leva upp till det mottot som chef. Visst kunde vardagen vara gr\u00e5 ibland, men d\u00e5 var det viktigt att passa p\u00e5 att fira en medarbetare som fyllde \u00e5r med t\u00e5rta, eller h\u00e5lla personalfest, sa Kajsa.<\/p>\n<p>D\u00e5 blir inte allt s\u00e5 gr\u00e5tt.<br \/>\nLivet beh\u00f6ver lite f\u00e4rg ibland.<\/p>\n<p>Det \u00e4r precis d\u00e4rf\u00f6r vi tycker om <strong>traditioner<\/strong> h\u00e4r hemma. V\u00e4nta nu, jag \u00e4r inte politiskt konservativ, inte emot samh\u00e4llsf\u00f6r\u00e4ndringar i stort. Tv\u00e4rt om vet jag massor som beh\u00f6ver g\u00f6ras, f\u00f6r att renovera det folkhem som n\u00e5gra rivit och slitit i s\u00e5 l\u00e4nge. Men tidens och \u00e5rets och familjens egna traditioner, dem h\u00e5ller jag p\u00e5.<\/p>\n<p><strong><a href=\"https:\/\/sven-ove.nu\/wp-content\/uploads\/2012\/01\/Semlor-18-kr-den-29-oktober-2011.jpg\"><img loading=\"lazy\" decoding=\"async\" class=\"alignleft size-medium wp-image-824\" title=\"Semlor 18 kr den 29 oktober 2011\" src=\"https:\/\/sven-ove.nu\/wp-content\/uploads\/2012\/01\/Semlor-18-kr-den-29-oktober-2011-200x300.jpg\" alt=\"\" width=\"200\" height=\"300\" srcset=\"https:\/\/sven-ove.nu\/wp-content\/uploads\/2012\/01\/Semlor-18-kr-den-29-oktober-2011-200x300.jpg 200w, https:\/\/sven-ove.nu\/wp-content\/uploads\/2012\/01\/Semlor-18-kr-den-29-oktober-2011-682x1024.jpg 682w, https:\/\/sven-ove.nu\/wp-content\/uploads\/2012\/01\/Semlor-18-kr-den-29-oktober-2011.jpg 1728w\" sizes=\"auto, (max-width: 200px) 100vw, 200px\" \/><\/a>Semlor i oktober?<br \/>\n<\/strong>Vi \u00e4r inte blinda. Vi ser ju hur andra kl\u00e4r sina julgranar vid f\u00f6rsta advent nu f\u00f6r tiden. Vi m\u00e4rker hur lokala bageriet s\u00e4ljer semlor i oktober. Vi l\u00e4ser p\u00e5 facebook hur folk sl\u00e4nger ut julpyntet och granen p\u00e5 annandagen.<\/p>\n<p>Undra p\u00e5 det, n\u00e4r handlarnas julskyltning b\u00f6rjar i oktober och ert privata pyntande i m\u00e5nadsskiftet november-december.<\/p>\n<p><strong>Livet blir tr\u00e5kigare d\u00e5<br \/>\n<\/strong>Andra f\u00e5r f\u00f6rst\u00e5s g\u00f6ra som de vill. Men f\u00f6r oss skulle livet bli tr\u00e5kigare, om vi tittade p\u00e5 Kalle Ankas julafton p\u00e5 video \u00e5ret om. Det fick aldrig v\u00e5ra barn g\u00f6ra. Livet blir tr\u00e5kigare om semlor serveras f\u00f6re <a href=\"http:\/\/sv.wikipedia.org\/wiki\/Fettisdagen\">fettisdagen<\/a>, n\u00e4r det fr\u00e5n b\u00f6rjan var t\u00e4nkt.<\/p>\n<p>Julen skulle inte k\u00e4nnas som v\u00e5r jul, om granen stod d\u00e4r och doftade redan vid f\u00f6rsta advent och om vi prov\u00e5t skinkan tidigare \u00e4n p\u00e5 kv\u00e4llen den 23:e. Det skulle k\u00e4nnas mycket konstigt att sl\u00e4nga ut granen innan tjugondag knut.<\/p>\n<p>Man ska inte f\u00f6rs\u00f6ka smeta ut allt \u00f6ver hela \u00e5ret, \u00e4ta julskinka samma dag som fettisdagsbullen. Livet blir gr\u00e5daskigt d\u00e5, n\u00e4r det aldrig finns n\u00e5gonting att se fram emot.<\/p>\n<p>\u201dSemlor nu?\u201d var det en expedit p\u00e5 ett konditori som sa till mig, en fettisdag f\u00f6r n\u00e5gra \u00e5r sedan. \u201dDet har folk tr\u00f6ttnat p\u00e5 f\u00f6r l\u00e4nge sedan. Det har vi inga.\u201d<\/p>\n<p><strong>Majst\u00e5ng i maj<br \/>\n<\/strong>\u00c4n vet jag ingen som har b\u00f6rjat \u00f6ppna julklapparna vid <a href=\"http:\/\/sv.wikipedia.org\/wiki\/Lucia\">lucia<\/a> eller kl\u00e4 <a href=\"http:\/\/sv.wikipedia.org\/wiki\/Midsommarst%C3%A5ng\">majst\u00e5ngen<\/a> i maj. \u00c4nd\u00e5 \u00e4r det precis s\u00e5 det k\u00e4nns f\u00f6r oss, med alla de andra tjuvstarterna.<\/p>\n<p>Alla dagar ska inte vara lika. Julafton \u00e4r b\u00e4st den 24 december. Semlor smakar b\u00e4st p\u00e5 fettisdagen och f\u00f6ljande tisdagar. Jag vill inte ha en enda julklapp i september.<\/p>\n<p>Och du: det \u00e4r inte en tillf\u00e4llighet att jag gett det h\u00e4r blogginl\u00e4gget kategorin <em>Familjen<\/em> och etiketterna <em>Historia, Dumheter, Solidaritet<\/em> och <em>K\u00e4rlek<\/em>. Det \u00e4r p\u00e5 flit.<\/p>\n","protected":false},"excerpt":{"rendered":"<p>En g\u00e5ng var jag och lyssnade p\u00e5 den duktiga bilhandlaren Kajsa Jansson. \u201dAlla dagar ska inte vara lika\u201d sa hon, och ber\u00e4ttade hur hon f\u00f6rs\u00f6kte leva upp till det mottot som chef. Visst kunde vardagen vara gr\u00e5 ibland, men d\u00e5 var det viktigt att passa p\u00e5 att fira en medarbetare som fyllde \u00e5r med t\u00e5rta, &hellip; <a href=\"https:\/\/sven-ove.nu\/?p=823\" class=\"more-link\">Forts\u00e4tt l\u00e4sa <span class=\"screen-reader-text\">Alla dagar ska inte vara lika<\/span><\/a><\/p>\n","protected":false},"author":1,"featured_media":0,"comment_status":"open","ping_status":"open","sticky":false,"template":"","format":"standard","meta":{"_crdt_document":"","_monsterinsights_skip_tracking":false,"_monsterinsights_sitenote_active":false,"_monsterinsights_sitenote_note":"","_monsterinsights_sitenote_category":0,"footnotes":""},"categories":[10],"tags":[16,8,24,17],"class_list":["post-823","post","type-post","status-publish","format-standard","hentry","category-familjen","tag-dumheter","tag-historia","tag-karlek","tag-solidaritet"],"_links":{"self":[{"href":"https:\/\/sven-ove.nu\/index.php?rest_route=\/wp\/v2\/posts\/823","targetHints":{"allow":["GET"]}}],"collection":[{"href":"https:\/\/sven-ove.nu\/index.php?rest_route=\/wp\/v2\/posts"}],"about":[{"href":"https:\/\/sven-ove.nu\/index.php?rest_route=\/wp\/v2\/types\/post"}],"author":[{"embeddable":true,"href":"https:\/\/sven-ove.nu\/index.php?rest_route=\/wp\/v2\/users\/1"}],"replies":[{"embeddable":true,"href":"https:\/\/sven-ove.nu\/index.php?rest_route=%2Fwp%2Fv2%2Fcomments&post=823"}],"version-history":[{"count":3,"href":"https:\/\/sven-ove.nu\/index.php?rest_route=\/wp\/v2\/posts\/823\/revisions"}],"predecessor-version":[{"id":826,"href":"https:\/\/sven-ove.nu\/index.php?rest_route=\/wp\/v2\/posts\/823\/revisions\/826"}],"wp:attachment":[{"href":"https:\/\/sven-ove.nu\/index.php?rest_route=%2Fwp%2Fv2%2Fmedia&parent=823"}],"wp:term":[{"taxonomy":"category","embeddable":true,"href":"https:\/\/sven-ove.nu\/index.php?rest_route=%2Fwp%2Fv2%2Fcategories&post=823"},{"taxonomy":"post_tag","embeddable":true,"href":"https:\/\/sven-ove.nu\/index.php?rest_route=%2Fwp%2Fv2%2Ftags&post=823"}],"curies":[{"name":"wp","href":"https:\/\/api.w.org\/{rel}","templated":true}]}}