{"id":8245,"date":"2014-02-04T03:00:34","date_gmt":"2014-02-04T02:00:34","guid":{"rendered":"http:\/\/sven-ove.nu\/?p=8245"},"modified":"2014-02-03T17:46:23","modified_gmt":"2014-02-03T16:46:23","slug":"delad-och-forvanad","status":"publish","type":"post","link":"https:\/\/sven-ove.nu\/?p=8245","title":{"rendered":"Delad och f\u00f6rv\u00e5nad"},"content":{"rendered":"<p>Jag skrev ju om folk som g\u00e5r i skidsp\u00e5r i l\u00f6rdags. Det gjorde jag med glimten i \u00f6gat och i tron att det \u00e4nd\u00e5 \u00e4r av <b>of\u00f6rst\u00e5nd<\/b> n\u00e5gra f\u00e5 f\u00f6rst\u00f6r f\u00f6r de m\u00e5nga. Vi tappade faktiskt mycket skidkultur alla vintrar n\u00e4r ingen sn\u00f6 kom. Dessutom \u00e4r det f\u00f6rvirrande f\u00f6r en del, med skatesp\u00e5ren vid v\u00e5ra friluftsanl\u00e4ggningar.<\/p>\n<p>Reaktionerna blev mer omfattande \u00e4n jag trodde. Hela s\u00f6ndagen tickade bes\u00f6karna in p\u00e5 bloggen, fast jag inte l\u00e4nkat alls den dagen. Bes\u00f6kare som dessutom hade v\u00e4nligheten att dela inl\u00e4gget vidare. Vilka som gjorde det vet jag inte, men f\u00f6r den h\u00e4r lilla bloggen var de m\u00e5nga.<\/p>\n<p>Folk h\u00f6ll med. Andra blev trampade p\u00e5 t\u00e5rna. Det f\u00e5r du r\u00e4kna med n\u00e4r du sticker ut hakan, \u00e4ven om det g\u00f6rs med glimten i \u00f6gat.<\/p>\n<p><b>De som framh\u00e4rdar<br \/>\n<\/b>Vad som f\u00f6rundrar mig \u00e4r inte att folk h\u00f6ll med, ledsna som jag n\u00e4r n\u00e5gra f\u00e5 f\u00f6rst\u00f6r vad ideella krafter f\u00f6rs\u00f6ker skapa f\u00f6r de m\u00e5nga. Inte heller blev jag f\u00f6rv\u00e5nad \u00f6ver att andra k\u00e4nde sig tr\u00e4ffade och reagerade utifr\u00e5n det. Jag blev inte ens \u00f6verraskad \u00f6ver att n\u00e5gra p\u00e5 b\u00e5da sidor blivit arga och sk\u00e4llt, d\u00e4r ute i sp\u00e5ren.<\/p>\n<p>Det \u00e4r inte s\u00e5 konstigt. Jag f\u00f6rsvarar inte vreden och storsk\u00e4llet fr\u00e5n n\u00e5gondera h\u00e5llet, men vi \u00e4r bara m\u00e4nniskor allihop.<\/p>\n<p style=\"padding-left: 30px;\"><b>Nej, det som \u00f6verraskar mig \u00e4r de medm\u00e4nniskor som framh\u00e4rdar. De som med stort allvar f\u00f6rklarar att de minsann har b\u00e5de lagen och moralen p\u00e5 sin sida, n\u00e4r de t\u00e4nker forts\u00e4tta att promenera till fots i friluftsg\u00e5rdarnas skidsp\u00e5r.<\/b><\/p>\n<p>Fast Sverige \u00e4r s\u00e5 stort och vintern s\u00e5 kort.<\/p>\n","protected":false},"excerpt":{"rendered":"<p>Jag skrev ju om folk som g\u00e5r i skidsp\u00e5r i l\u00f6rdags. Det gjorde jag med glimten i \u00f6gat och i tron att det \u00e4nd\u00e5 \u00e4r av of\u00f6rst\u00e5nd n\u00e5gra f\u00e5 f\u00f6rst\u00f6r f\u00f6r de m\u00e5nga. Vi tappade faktiskt mycket skidkultur alla vintrar n\u00e4r ingen sn\u00f6 kom. Dessutom \u00e4r det f\u00f6rvirrande f\u00f6r en del, med skatesp\u00e5ren vid v\u00e5ra &hellip; <a href=\"https:\/\/sven-ove.nu\/?p=8245\" class=\"more-link\">Forts\u00e4tt l\u00e4sa <span class=\"screen-reader-text\">Delad och f\u00f6rv\u00e5nad<\/span><\/a><\/p>\n","protected":false},"author":1,"featured_media":0,"comment_status":"open","ping_status":"open","sticky":false,"template":"","format":"standard","meta":{"_crdt_document":"","_monsterinsights_skip_tracking":false,"_monsterinsights_sitenote_active":false,"_monsterinsights_sitenote_note":"","_monsterinsights_sitenote_category":0,"footnotes":""},"categories":[6],"tags":[18,17],"class_list":["post-8245","post","type-post","status-publish","format-standard","hentry","category-natur","tag-lardomar","tag-solidaritet"],"_links":{"self":[{"href":"https:\/\/sven-ove.nu\/index.php?rest_route=\/wp\/v2\/posts\/8245","targetHints":{"allow":["GET"]}}],"collection":[{"href":"https:\/\/sven-ove.nu\/index.php?rest_route=\/wp\/v2\/posts"}],"about":[{"href":"https:\/\/sven-ove.nu\/index.php?rest_route=\/wp\/v2\/types\/post"}],"author":[{"embeddable":true,"href":"https:\/\/sven-ove.nu\/index.php?rest_route=\/wp\/v2\/users\/1"}],"replies":[{"embeddable":true,"href":"https:\/\/sven-ove.nu\/index.php?rest_route=%2Fwp%2Fv2%2Fcomments&post=8245"}],"version-history":[{"count":2,"href":"https:\/\/sven-ove.nu\/index.php?rest_route=\/wp\/v2\/posts\/8245\/revisions"}],"predecessor-version":[{"id":8247,"href":"https:\/\/sven-ove.nu\/index.php?rest_route=\/wp\/v2\/posts\/8245\/revisions\/8247"}],"wp:attachment":[{"href":"https:\/\/sven-ove.nu\/index.php?rest_route=%2Fwp%2Fv2%2Fmedia&parent=8245"}],"wp:term":[{"taxonomy":"category","embeddable":true,"href":"https:\/\/sven-ove.nu\/index.php?rest_route=%2Fwp%2Fv2%2Fcategories&post=8245"},{"taxonomy":"post_tag","embeddable":true,"href":"https:\/\/sven-ove.nu\/index.php?rest_route=%2Fwp%2Fv2%2Ftags&post=8245"}],"curies":[{"name":"wp","href":"https:\/\/api.w.org\/{rel}","templated":true}]}}