{"id":8260,"date":"2014-02-08T03:00:48","date_gmt":"2014-02-08T02:00:48","guid":{"rendered":"http:\/\/sven-ove.nu\/?p=8260"},"modified":"2017-09-26T18:28:17","modified_gmt":"2017-09-26T17:28:17","slug":"hur-manga-delar-ditt-inlagg","status":"publish","type":"post","link":"https:\/\/sven-ove.nu\/?p=8260","title":{"rendered":"Hur m\u00e5nga delar ditt inl\u00e4gg?"},"content":{"rendered":"<p>Det h\u00e4r \u00e4r ett tips f\u00f6r dig som gillar att l\u00e4nka din sida eller ditt inl\u00e4gg p\u00e5 exempelvis facebook och sedan vill veta hur m\u00e5nga som delar och gillar samma l\u00e4nk.<\/p>\n<p>Jag har hittat en bra r\u00e4knare, det \u00e4r det jag vill ber\u00e4tta.<\/p>\n<p><b><a href=\"https:\/\/sven-ove.nu\/wp-content\/uploads\/2013\/12\/Karlstad-hj\u00e4rta-K\u00e4rrtorp.jpg\"><img loading=\"lazy\" decoding=\"async\" class=\"alignright size-medium wp-image-7951\" src=\"https:\/\/sven-ove.nu\/wp-content\/uploads\/2013\/12\/Karlstad-hj\u00e4rta-K\u00e4rrtorp-300x225.jpg\" alt=\"Karlstad hj\u00e4rta K\u00e4rrtorp\" width=\"300\" height=\"225\" srcset=\"https:\/\/sven-ove.nu\/wp-content\/uploads\/2013\/12\/Karlstad-hj\u00e4rta-K\u00e4rrtorp-300x225.jpg 300w, https:\/\/sven-ove.nu\/wp-content\/uploads\/2013\/12\/Karlstad-hj\u00e4rta-K\u00e4rrtorp-1024x768.jpg 1024w, https:\/\/sven-ove.nu\/wp-content\/uploads\/2013\/12\/Karlstad-hj\u00e4rta-K\u00e4rrtorp.jpg 1600w\" sizes=\"auto, (max-width: 300px) 100vw, 300px\" \/><\/a>Exemplet 29 december<br \/>\n<\/b>L\u00e5t oss allts\u00e5 s\u00e4ga att det var en varm och sk\u00f6n manifestation f\u00f6r m\u00e5ngfald och mot rasism i Karlstad den 29 december. Varm, mitt i sn\u00e5lbl\u00e5sten. L\u00e5t oss ocks\u00e5 s\u00e4ga att jag gjorde ett <a href=\"https:\/\/sven-ove.nu\/?p=7950\">inl\u00e4gg p\u00e5 bloggen om manifestationen<\/a> och l\u00e4nkade den p\u00e5 facebook. Med en enkel mobilbild p\u00e5 plakatet med texten Karlstad \u2665 K\u00e4rrtorp.<\/p>\n<p>Jag l\u00e4nkade blogginl\u00e4gget p\u00e5 min egen facebookv\u00e4gg och p\u00e5 tv\u00e5 antirasistiska sidor p\u00e5 facebook. Snart b\u00f6rjade det komma bes\u00f6kare, det s\u00e5g jag genom Google Analytics. Men hur m\u00e5nga gillade och delade?<\/p>\n<p><b>Ikoner f\u00f6r att gilla och dela<br \/>\n<\/b>Sedan en tid har jag gjort s\u00e5 att folk kan dela och gilla mina inl\u00e4gg. L\u00e4ngst ner p\u00e5 varje blogginl\u00e4gg ligger s\u00e5dana ikoner. N\u00e4r jag nu skriver n\u00e4stan varje dag och l\u00e4gger ner mycket tid p\u00e5 det, s\u00e5 vill jag ocks\u00e5 veta vad som h\u00e4nder med texterna.<\/p>\n<p>Hur m\u00e5nga bes\u00f6k jag f\u00e5r ber\u00e4ttar gratisverktyget Google Analytics. Men vad h\u00e4nder mer? \u00c4r det andra m\u00e4nniskor d\u00e4r ute som delar vidare utan att jag m\u00e4rker det? Vad betyder egentligen en siffra efter ikonen Like l\u00e4ngst ner till v\u00e4nster p\u00e5 inl\u00e4gget?<\/p>\n<p style=\"padding-left: 30px;\"><i>Bes\u00f6ken \u00e4r f\u00f6rst\u00e5s alltid fler \u00e4n gillningarna, men det \u00e4r en annan historia. Vid det h\u00e4r laget b\u00f6rjar jag l\u00e4ra mig vad som g\u00f6r att jag f\u00e5r gillningar, men den dagen jag anpassar skrivandet efter det \u00e4r jag illa ute. D\u00e5 blir bloggen ointressant.<\/i><\/p>\n<p><b>Lysande hj\u00e4lpreda<br \/>\n<\/b>H\u00e4r \u00e4r den gratis hj\u00e4lpredan jag hittade, den \u00e4r lysande:<br \/>\n<a href=\"http:\/\/www.sharedcount.com\">http:\/\/www.sharedcount.com<\/a><\/p>\n<p>Jag klickar p\u00e5 l\u00e4nken och skriver in den exakta adressen till blogginl\u00e4gget i s\u00f6krutan som kommer upp. I mitt fall adressen: <a href=\"https:\/\/sven-ove.nu\/?p=7950\">https:\/\/sven-ove.nu\/?p=7950<\/a>\u00a0\u00a0D\u00e4refter klickar jag p\u00e5 knappen Submit. Under Facebook f\u00e5r jag d\u00e5 det h\u00e4r resultatet:<\/p>\n<p>Likes: 1072<br \/>\nShares: 69<br \/>\nComments: 28<br \/>\nTotal: 1169<\/p>\n<p style=\"padding-left: 30px;\"><b>P\u00e5 mitt blogginl\u00e4gg st\u00e5r det att jag har 1.1 K gillningar. 1,1 tusen. Men den siffran (1 169) inneh\u00e5ller allts\u00e5 egentligen inte bara gillningar (likes), den inneh\u00e5ller ocks\u00e5 69 delningar och 28 kommentarer.<\/b><\/p>\n<p style=\"padding-left: 30px;\"><a href=\"https:\/\/sven-ove.nu\/wp-content\/uploads\/2014\/02\/Sk\u00e4rmavbild-2013-12-31-kl.-11.12.09.jpg\"><img loading=\"lazy\" decoding=\"async\" class=\"size-full wp-image-8266 alignleft\" src=\"https:\/\/sven-ove.nu\/wp-content\/uploads\/2014\/02\/Sk\u00e4rmavbild-2013-12-31-kl.-11.12.09.jpg\" alt=\"Sk\u00e4rmavbild 2013-12-31 kl. 11.12.09\" width=\"452\" height=\"88\" srcset=\"https:\/\/sven-ove.nu\/wp-content\/uploads\/2014\/02\/Sk\u00e4rmavbild-2013-12-31-kl.-11.12.09.jpg 452w, https:\/\/sven-ove.nu\/wp-content\/uploads\/2014\/02\/Sk\u00e4rmavbild-2013-12-31-kl.-11.12.09-300x58.jpg 300w\" sizes=\"auto, (max-width: 452px) 100vw, 452px\" \/><\/a><\/p>\n<p>&nbsp;<\/p>\n<p>&nbsp;<\/p>\n<p>&nbsp;<\/p>\n<p>En bra dag f\u00f6r min hobby tycker jag, som inte lagt m\u00e5nga str\u00e5n i kors f\u00f6r att sprida bloggen brett. Framf\u00f6r allt ett matnyttigt hj\u00e4lpmedel.<\/p>\n<p>Gillar det.<br \/>\nGillar \u00e4nnu mer att s\u00e5 m\u00e5nga var med p\u00e5 Kallsta&#8217; torg och sedan ville dela mitt inl\u00e4gg, f\u00f6r den goda sakens skull. \u00a0Den \u00e4r viktigare \u00e4n verktyg.<\/p>\n<p style=\"padding-left: 30px;\"><em><span style=\"color: #ff6600;\"><strong>Uppdatering, september 2017:<\/strong><\/span> sedan jag skrev inl\u00e4gget har Sharedcount tyv\u00e4rr slutat fungera s\u00e5 v\u00e4l som jag beskriver det ovan. Numera ser jag inte samma detaljerade resultat.<\/em><\/p>\n","protected":false},"excerpt":{"rendered":"<p>Det h\u00e4r \u00e4r ett tips f\u00f6r dig som gillar att l\u00e4nka din sida eller ditt inl\u00e4gg p\u00e5 exempelvis facebook och sedan vill veta hur m\u00e5nga som delar och gillar samma l\u00e4nk. Jag har hittat en bra r\u00e4knare, det \u00e4r det jag vill ber\u00e4tta. Exemplet 29 december L\u00e5t oss allts\u00e5 s\u00e4ga att det var en varm &hellip; <a href=\"https:\/\/sven-ove.nu\/?p=8260\" class=\"more-link\">Forts\u00e4tt l\u00e4sa <span class=\"screen-reader-text\">Hur m\u00e5nga delar ditt inl\u00e4gg?<\/span><\/a><\/p>\n","protected":false},"author":1,"featured_media":0,"comment_status":"open","ping_status":"open","sticky":false,"template":"","format":"standard","meta":{"_crdt_document":"","_monsterinsights_skip_tracking":false,"_monsterinsights_sitenote_active":false,"_monsterinsights_sitenote_note":"","_monsterinsights_sitenote_category":0,"footnotes":""},"categories":[4],"tags":[20,13],"class_list":["post-8260","post","type-post","status-publish","format-standard","hentry","category-skrivande","tag-rad","tag-utrustning"],"_links":{"self":[{"href":"https:\/\/sven-ove.nu\/index.php?rest_route=\/wp\/v2\/posts\/8260","targetHints":{"allow":["GET"]}}],"collection":[{"href":"https:\/\/sven-ove.nu\/index.php?rest_route=\/wp\/v2\/posts"}],"about":[{"href":"https:\/\/sven-ove.nu\/index.php?rest_route=\/wp\/v2\/types\/post"}],"author":[{"embeddable":true,"href":"https:\/\/sven-ove.nu\/index.php?rest_route=\/wp\/v2\/users\/1"}],"replies":[{"embeddable":true,"href":"https:\/\/sven-ove.nu\/index.php?rest_route=%2Fwp%2Fv2%2Fcomments&post=8260"}],"version-history":[{"count":8,"href":"https:\/\/sven-ove.nu\/index.php?rest_route=\/wp\/v2\/posts\/8260\/revisions"}],"predecessor-version":[{"id":18404,"href":"https:\/\/sven-ove.nu\/index.php?rest_route=\/wp\/v2\/posts\/8260\/revisions\/18404"}],"wp:attachment":[{"href":"https:\/\/sven-ove.nu\/index.php?rest_route=%2Fwp%2Fv2%2Fmedia&parent=8260"}],"wp:term":[{"taxonomy":"category","embeddable":true,"href":"https:\/\/sven-ove.nu\/index.php?rest_route=%2Fwp%2Fv2%2Fcategories&post=8260"},{"taxonomy":"post_tag","embeddable":true,"href":"https:\/\/sven-ove.nu\/index.php?rest_route=%2Fwp%2Fv2%2Ftags&post=8260"}],"curies":[{"name":"wp","href":"https:\/\/api.w.org\/{rel}","templated":true}]}}