{"id":8271,"date":"2014-02-07T19:08:47","date_gmt":"2014-02-07T18:08:47","guid":{"rendered":"http:\/\/sven-ove.nu\/?p=8271"},"modified":"2014-02-07T19:22:10","modified_gmt":"2014-02-07T18:22:10","slug":"mycket-skulle-tigas-om-om-inte-vf-fanns","status":"publish","type":"post","link":"https:\/\/sven-ove.nu\/?p=8271","title":{"rendered":"&#8221;Mycket skulle tigas om, om inte VF fanns&#8221;"},"content":{"rendered":"<p>Sk\u00e4rmdump fr\u00e5n <a href=\"http:\/\/www.vf.se\" target=\"_blank\">www.vf.se<\/a>:<\/p>\n<p><a href=\"https:\/\/sven-ove.nu\/wp-content\/uploads\/2014\/02\/VF-regnb\u00e5ge.jpg\"><img loading=\"lazy\" decoding=\"async\" class=\"alignright size-full wp-image-8272\" alt=\"VF regnb\u00e5ge\" src=\"https:\/\/sven-ove.nu\/wp-content\/uploads\/2014\/02\/VF-regnb\u00e5ge.jpg\" width=\"611\" height=\"901\" srcset=\"https:\/\/sven-ove.nu\/wp-content\/uploads\/2014\/02\/VF-regnb\u00e5ge.jpg 611w, https:\/\/sven-ove.nu\/wp-content\/uploads\/2014\/02\/VF-regnb\u00e5ge-203x300.jpg 203w\" sizes=\"auto, (max-width: 611px) 100vw, 611px\" \/><\/a><\/p>\n<p>&nbsp;<\/p>\n<p>&nbsp;<\/p>\n<p>&nbsp;<\/p>\n<p>&nbsp;<\/p>\n<p>&nbsp;<\/p>\n<p>&nbsp;<\/p>\n<p>&nbsp;<\/p>\n<p>&nbsp;<\/p>\n<p>&nbsp;<\/p>\n<p>&nbsp;<\/p>\n<p>&nbsp;<\/p>\n<p>&nbsp;<\/p>\n<p>&nbsp;<\/p>\n<p>&nbsp;<\/p>\n<p>&nbsp;<\/p>\n<p>&nbsp;<\/p>\n<p>&nbsp;<\/p>\n<p>&nbsp;<\/p>\n<p>&nbsp;<\/p>\n<p>&nbsp;<\/p>\n<p>V\u00e4rmlands Folkblad tar st\u00e4llning. Tack f\u00f6r det, solidariteten lever!<\/p>\n<p>M\u00e4nniskor har r\u00e4tt att bli behandlade som folk n\u00e4r de arbetar och f\u00e5 l\u00f6n n\u00e4r de ska. M\u00e4nniskor har r\u00e4tt att \u00e4lska varandra, hur de \u00e4n \u00e4r skapta mellan benen.<\/p>\n<p>De olympiska spelen har r\u00e4tt att f\u00e5 bo p\u00e5 platser d\u00e4r m\u00e4nskliga r\u00e4ttigheter bor.<\/p>\n","protected":false},"excerpt":{"rendered":"<p>Sk\u00e4rmdump fr\u00e5n www.vf.se: &nbsp; &nbsp; &nbsp; &nbsp; &nbsp; &nbsp; &nbsp; &nbsp; &nbsp; &nbsp; &nbsp; &nbsp; &nbsp; &nbsp; &nbsp; &nbsp; &nbsp; &nbsp; &nbsp; &nbsp; V\u00e4rmlands Folkblad tar st\u00e4llning. Tack f\u00f6r det, solidariteten lever! M\u00e4nniskor har r\u00e4tt att bli behandlade som folk n\u00e4r de arbetar och f\u00e5 l\u00f6n n\u00e4r de ska. M\u00e4nniskor har r\u00e4tt att \u00e4lska varandra, &hellip; <a href=\"https:\/\/sven-ove.nu\/?p=8271\" class=\"more-link\">Forts\u00e4tt l\u00e4sa <span class=\"screen-reader-text\">&#8221;Mycket skulle tigas om, om inte VF fanns&#8221;<\/span><\/a><\/p>\n","protected":false},"author":1,"featured_media":0,"comment_status":"open","ping_status":"open","sticky":false,"template":"","format":"standard","meta":{"_crdt_document":"","_monsterinsights_skip_tracking":false,"_monsterinsights_sitenote_active":false,"_monsterinsights_sitenote_note":"","_monsterinsights_sitenote_category":0,"footnotes":""},"categories":[9,4],"tags":[24,14,21,17],"class_list":["post-8271","post","type-post","status-publish","format-standard","hentry","category-politik","category-skrivande","tag-karlek","tag-lasning","tag-ord","tag-solidaritet"],"_links":{"self":[{"href":"https:\/\/sven-ove.nu\/index.php?rest_route=\/wp\/v2\/posts\/8271","targetHints":{"allow":["GET"]}}],"collection":[{"href":"https:\/\/sven-ove.nu\/index.php?rest_route=\/wp\/v2\/posts"}],"about":[{"href":"https:\/\/sven-ove.nu\/index.php?rest_route=\/wp\/v2\/types\/post"}],"author":[{"embeddable":true,"href":"https:\/\/sven-ove.nu\/index.php?rest_route=\/wp\/v2\/users\/1"}],"replies":[{"embeddable":true,"href":"https:\/\/sven-ove.nu\/index.php?rest_route=%2Fwp%2Fv2%2Fcomments&post=8271"}],"version-history":[{"count":8,"href":"https:\/\/sven-ove.nu\/index.php?rest_route=\/wp\/v2\/posts\/8271\/revisions"}],"predecessor-version":[{"id":8280,"href":"https:\/\/sven-ove.nu\/index.php?rest_route=\/wp\/v2\/posts\/8271\/revisions\/8280"}],"wp:attachment":[{"href":"https:\/\/sven-ove.nu\/index.php?rest_route=%2Fwp%2Fv2%2Fmedia&parent=8271"}],"wp:term":[{"taxonomy":"category","embeddable":true,"href":"https:\/\/sven-ove.nu\/index.php?rest_route=%2Fwp%2Fv2%2Fcategories&post=8271"},{"taxonomy":"post_tag","embeddable":true,"href":"https:\/\/sven-ove.nu\/index.php?rest_route=%2Fwp%2Fv2%2Ftags&post=8271"}],"curies":[{"name":"wp","href":"https:\/\/api.w.org\/{rel}","templated":true}]}}