{"id":828,"date":"2012-01-09T06:00:30","date_gmt":"2012-01-09T05:00:30","guid":{"rendered":"http:\/\/sven-ove.nu\/?p=828"},"modified":"2012-01-09T07:20:52","modified_gmt":"2012-01-09T06:20:52","slug":"folkforaktet-strommar-ur-min-fulburk","status":"publish","type":"post","link":"https:\/\/sven-ove.nu\/?p=828","title":{"rendered":"Folkf\u00f6raktet str\u00f6mmar ur min fulburk"},"content":{"rendered":"<p>Jod\u00e5, jag var en av dem som var emot reklam i tv. Naivt, kanske n\u00e5gon tycker i dag. Dubbelmoral kan man ocks\u00e5 tycka, eftersom jag delvis levt p\u00e5 annonser i mitt tidigare jobb som journalist. Inte nog med det, senare har jag med gl\u00e4dje varit med och ordnat r\u00e4tt m\u00e5nga kampanjer sj\u00e4lv.<\/p>\n<p>Men det finns dagar d\u00e5 jag l\u00e4ngtar tillbaka till reklamfriheten. Filmkv\u00e4llar framf\u00f6r n\u00e5gon av alla dessa kanaler som hugger upp varje m\u00e4sterverk i bitar och sl\u00e4nger in en aning fulreklam mellan munsbitarna. Andra kv\u00e4llar, n\u00e4r jag tittar f\u00f6r noga p\u00e5 sj\u00e4lva reklamen och ser vilken f\u00f6rf\u00e4rlig m\u00e4nniskosyn reklambest\u00e4llarna och -makarna har.<\/p>\n<p>Folkf\u00f6raktet str\u00f6mmar ur min fulburk.<\/p>\n<p><strong>Sedan smittades programmen<br \/>\n<\/strong>I n\u00e4sta steg kanade samma folkf\u00f6rakt in i sj\u00e4lva programmen. Claes Eriksson i Galenskaparna\/After shave uttrycker saken bra i en intervju i Aftonbladet den 8 januari:<\/p>\n<p><em>\u201dDet har h\u00e4nt mycket som jag aldrig kunde t\u00e4nka mig. Dokus\u00e5por hade jag inte kunnat hitta p\u00e5 i min vildaste fantasi. Tv bidrar till en djup f\u00f6r\u00e4ndring i samh\u00e4llet. Det finns j\u00e4ttem\u00e5nga program nu d\u00e4r det st\u00e5r stackars m\u00e4nniskor inf\u00f6r en panel och f\u00e5r h\u00f6ra hur kassa dom \u00e4r. Mode och mat och \u2019Let\u2019s dance\u2019 och \u2019Idol\u2019. Lite offentlig avr\u00e4ttning. Det var en ot\u00e4nkbarhet f\u00f6rr. Anst\u00e4ndigheten satte stopp.\u201d<\/em><\/p>\n<p>Kulturen \u00e4r en m\u00e4ktig kraft. Det har den alltid varit.<br \/>\nDet \u00e4r klart att ungar som tittar p\u00e5 s\u00e5dant tror att mobbing \u00e4r v\u00e5rt nya bondf\u00f6rnuft.<\/p>\n","protected":false},"excerpt":{"rendered":"<p>Jod\u00e5, jag var en av dem som var emot reklam i tv. Naivt, kanske n\u00e5gon tycker i dag. Dubbelmoral kan man ocks\u00e5 tycka, eftersom jag delvis levt p\u00e5 annonser i mitt tidigare jobb som journalist. Inte nog med det, senare har jag med gl\u00e4dje varit med och ordnat r\u00e4tt m\u00e5nga kampanjer sj\u00e4lv. Men det finns &hellip; <a href=\"https:\/\/sven-ove.nu\/?p=828\" class=\"more-link\">Forts\u00e4tt l\u00e4sa <span class=\"screen-reader-text\">Folkf\u00f6raktet str\u00f6mmar ur min fulburk<\/span><\/a><\/p>\n","protected":false},"author":1,"featured_media":0,"comment_status":"open","ping_status":"open","sticky":false,"template":"","format":"standard","meta":{"_crdt_document":"","_monsterinsights_skip_tracking":false,"_monsterinsights_sitenote_active":false,"_monsterinsights_sitenote_note":"","_monsterinsights_sitenote_category":0,"footnotes":""},"categories":[1],"tags":[15],"class_list":["post-828","post","type-post","status-publish","format-standard","hentry","category-uncategorized","tag-mediedjungeln"],"_links":{"self":[{"href":"https:\/\/sven-ove.nu\/index.php?rest_route=\/wp\/v2\/posts\/828","targetHints":{"allow":["GET"]}}],"collection":[{"href":"https:\/\/sven-ove.nu\/index.php?rest_route=\/wp\/v2\/posts"}],"about":[{"href":"https:\/\/sven-ove.nu\/index.php?rest_route=\/wp\/v2\/types\/post"}],"author":[{"embeddable":true,"href":"https:\/\/sven-ove.nu\/index.php?rest_route=\/wp\/v2\/users\/1"}],"replies":[{"embeddable":true,"href":"https:\/\/sven-ove.nu\/index.php?rest_route=%2Fwp%2Fv2%2Fcomments&post=828"}],"version-history":[{"count":6,"href":"https:\/\/sven-ove.nu\/index.php?rest_route=\/wp\/v2\/posts\/828\/revisions"}],"predecessor-version":[{"id":841,"href":"https:\/\/sven-ove.nu\/index.php?rest_route=\/wp\/v2\/posts\/828\/revisions\/841"}],"wp:attachment":[{"href":"https:\/\/sven-ove.nu\/index.php?rest_route=%2Fwp%2Fv2%2Fmedia&parent=828"}],"wp:term":[{"taxonomy":"category","embeddable":true,"href":"https:\/\/sven-ove.nu\/index.php?rest_route=%2Fwp%2Fv2%2Fcategories&post=828"},{"taxonomy":"post_tag","embeddable":true,"href":"https:\/\/sven-ove.nu\/index.php?rest_route=%2Fwp%2Fv2%2Ftags&post=828"}],"curies":[{"name":"wp","href":"https:\/\/api.w.org\/{rel}","templated":true}]}}