{"id":8318,"date":"2014-02-24T03:00:11","date_gmt":"2014-02-24T02:00:11","guid":{"rendered":"http:\/\/sven-ove.nu\/?p=8318"},"modified":"2014-02-21T08:51:27","modified_gmt":"2014-02-21T07:51:27","slug":"tanke-pa-vag-till-jobbet-nast-sista-aret","status":"publish","type":"post","link":"https:\/\/sven-ove.nu\/?p=8318","title":{"rendered":"Tanke p\u00e5 v\u00e4g till jobbet n\u00e4st sista \u00e5ret"},"content":{"rendered":"<p>T\u00e4nk om 80-talisterna inte alls \u00e4r s\u00e5 himla rastl\u00f6sa och g\u00e4rna hoppar fr\u00e5n jobb till jobb. T\u00e4nk om det \u00e4r en korkad arbetsmarknad det beror p\u00e5. De kanske vill ha fasta jobb varenda en.<\/p>\n<p><a href=\"https:\/\/sven-ove.nu\/wp-content\/uploads\/2014\/02\/Virkesupplag-n\u00e4ra.jpg\"><img loading=\"lazy\" decoding=\"async\" class=\"alignright size-thumbnail wp-image-8320\" alt=\"Virkesupplag n\u00e4ra\" src=\"https:\/\/sven-ove.nu\/wp-content\/uploads\/2014\/02\/Virkesupplag-n\u00e4ra-150x150.jpg\" width=\"150\" height=\"150\" \/><\/a>Det fick ju vi.<br \/>\nDirekt.<\/p>\n<p style=\"padding-left: 30px;\"><strong>Jag gick till bruket och fick b\u00f6rja samma dag. Inte begrep jag d\u00e5 att det var en kapitalist som tog sitt sociala ansvar jag tr\u00e4ffat p\u00e5.<\/strong><\/p>\n<p>Den g\u00e5ngen fanns det gott om dem.<\/p>\n","protected":false},"excerpt":{"rendered":"<p>T\u00e4nk om 80-talisterna inte alls \u00e4r s\u00e5 himla rastl\u00f6sa och g\u00e4rna hoppar fr\u00e5n jobb till jobb. T\u00e4nk om det \u00e4r en korkad arbetsmarknad det beror p\u00e5. De kanske vill ha fasta jobb varenda en. Det fick ju vi. Direkt. Jag gick till bruket och fick b\u00f6rja samma dag. Inte begrep jag d\u00e5 att det var &hellip; <a href=\"https:\/\/sven-ove.nu\/?p=8318\" class=\"more-link\">Forts\u00e4tt l\u00e4sa <span class=\"screen-reader-text\">Tanke p\u00e5 v\u00e4g till jobbet n\u00e4st sista \u00e5ret<\/span><\/a><\/p>\n","protected":false},"author":1,"featured_media":0,"comment_status":"open","ping_status":"open","sticky":false,"template":"","format":"standard","meta":{"_crdt_document":"","_monsterinsights_skip_tracking":false,"_monsterinsights_sitenote_active":false,"_monsterinsights_sitenote_note":"","_monsterinsights_sitenote_category":0,"footnotes":""},"categories":[9],"tags":[3,8],"class_list":["post-8318","post","type-post","status-publish","format-standard","hentry","category-politik","tag-arbete","tag-historia"],"_links":{"self":[{"href":"https:\/\/sven-ove.nu\/index.php?rest_route=\/wp\/v2\/posts\/8318","targetHints":{"allow":["GET"]}}],"collection":[{"href":"https:\/\/sven-ove.nu\/index.php?rest_route=\/wp\/v2\/posts"}],"about":[{"href":"https:\/\/sven-ove.nu\/index.php?rest_route=\/wp\/v2\/types\/post"}],"author":[{"embeddable":true,"href":"https:\/\/sven-ove.nu\/index.php?rest_route=\/wp\/v2\/users\/1"}],"replies":[{"embeddable":true,"href":"https:\/\/sven-ove.nu\/index.php?rest_route=%2Fwp%2Fv2%2Fcomments&post=8318"}],"version-history":[{"count":3,"href":"https:\/\/sven-ove.nu\/index.php?rest_route=\/wp\/v2\/posts\/8318\/revisions"}],"predecessor-version":[{"id":8322,"href":"https:\/\/sven-ove.nu\/index.php?rest_route=\/wp\/v2\/posts\/8318\/revisions\/8322"}],"wp:attachment":[{"href":"https:\/\/sven-ove.nu\/index.php?rest_route=%2Fwp%2Fv2%2Fmedia&parent=8318"}],"wp:term":[{"taxonomy":"category","embeddable":true,"href":"https:\/\/sven-ove.nu\/index.php?rest_route=%2Fwp%2Fv2%2Fcategories&post=8318"},{"taxonomy":"post_tag","embeddable":true,"href":"https:\/\/sven-ove.nu\/index.php?rest_route=%2Fwp%2Fv2%2Ftags&post=8318"}],"curies":[{"name":"wp","href":"https:\/\/api.w.org\/{rel}","templated":true}]}}