{"id":8353,"date":"2014-03-29T03:00:40","date_gmt":"2014-03-29T02:00:40","guid":{"rendered":"http:\/\/sven-ove.nu\/?p=8353"},"modified":"2014-03-29T11:28:25","modified_gmt":"2014-03-29T10:28:25","slug":"minns-du-nar-ni-var-barn-och-hallde-upp-sockerdricka","status":"publish","type":"post","link":"https:\/\/sven-ove.nu\/?p=8353","title":{"rendered":"Minns du n\u00e4r ni var barn och h\u00e4llde upp sockerdricka?"},"content":{"rendered":"<p>Ska det bloggas ska det <a href=\"https:\/\/sven-ove.nu\/?p=3712\">tramsas<\/a> men dessemellan ska det pratas allvar. S\u00e5 \u00e4r livet.<\/p>\n<p>Minns du n\u00e4r du var liten och h\u00e4llde upp sockerdricka \u00e5t dig sj\u00e4lv och dina syskon? Har du n\u00e5gra syskon? Fick ni samma uppfostran som vi? I s\u00e5 fall var du noga n\u00e4r du h\u00e4llde, inte en droppe fick hamna fel. Minns du millimeterpassningen? Kommer du ih\u00e5g hur ni stod med glaset i \u00f6gonh\u00f6jd och synade, innan alla var n\u00f6jda? Det ska va\u2019 r\u00e4ttvist.<\/p>\n<p style=\"padding-left: 30px;\"><strong>Tro inte att mest muskler vann.<br \/>\nDet var lika viktigt att den minsta fick r\u00e4tt.<\/strong><\/p>\n<p>Jag tycker om detta tidiga r\u00e4ttvisepatos som kloka f\u00f6r\u00e4ldrar gav mig. Kloka f\u00f6r\u00e4ldrar, farf\u00f6r\u00e4ldrar, kusiner, syskon, skolkamrater, idrottsledare och inte minst b\u00f6ckerna och tidningarna vi l\u00e4ste. L\u00e5ter det pr\u00e4ktigt? Jag vet. R\u00e4ttvisetanken \u00e4r en pr\u00e4ktig tanke.<\/p>\n<p>Vacker \u00e4r den.<\/p>\n<p><b>Enhetsfronten finns<br \/>\n<\/b>Vi \u00e4r \u00f6ver 8 000 medlemmar nu. Vi som vill ha lika behandling av m\u00e4nniskor. Alla m\u00e4nniskor \u00e4r lika mycket v\u00e4rda, stor eller liten, svart eller sk\u00e4r.<\/p>\n<p><a href=\"https:\/\/sven-ove.nu\/wp-content\/uploads\/2013\/12\/Karlstad-hj\u00e4rta-K\u00e4rrtorp.jpg\"><img loading=\"lazy\" decoding=\"async\" class=\"alignright size-thumbnail wp-image-7951\" alt=\"Karlstad hj\u00e4rta K\u00e4rrtorp\" src=\"https:\/\/sven-ove.nu\/wp-content\/uploads\/2013\/12\/Karlstad-hj\u00e4rta-K\u00e4rrtorp-150x150.jpg\" width=\"150\" height=\"150\" \/><\/a><\/p>\n<p>Jag pratar om en facebookgrupp. Det b\u00f6rjade med att f\u00f6rfattaren och kritikern Crister Enander i Lund fick nog och startade <a href=\"https:\/\/www.facebook.com\/groups\/frontmotrasism\/\">Front mot rasism och gryende fascism<\/a>. Tanken var att bilda:<\/p>\n<p style=\"padding-left: 30px;\"><i>\u201den enhetsfront som entydigt tar avst\u00e5nd fr\u00e5n och avser att bek\u00e4mpa den v\u00e4xande rasismen och fascismen. Den \u00e4r politiskt och religi\u00f6st obunden. Alla \u00e4r v\u00e4lkomna som vill delta i att skapa opinion och k\u00e4mpa emot rasistiska tendenser, och som delar v\u00e4rderingen att m\u00e4nniskov\u00e4rdet \u00e4r oberoende av sociala, etniska, religi\u00f6sa faktorer. M\u00e4nniskov\u00e4rdet \u00e4r ett och okr\u00e4nkbart. Som medel i denna kamp anv\u00e4nds ord, spridande av kunskap, bek\u00e4mpande av f\u00f6rdomar och falsk propaganda, demonstrationer, motaktioner.\u201d<\/i><\/p>\n<p>Vi blev fort flera tusen som gillade gruppen och gick med. Jag skrev sj\u00e4lv n\u00e5gra inl\u00e4gg d\u00e5 och d\u00e5. Samtidigt h\u00f6lls det demonstrationer \u00f6ver hela landet med anledning av h\u00e4ndelserna i K\u00e4rrtorp. P\u00e5 Stora torget i Karlstad manifesterade kanske 4 000 personer, det var en gl\u00e4djens dag.\u00a0Sammanlagt var vi 43 000 personer p\u00e5 33 orter som demonstrerade f\u00f6r m\u00e5ngfald och mot rasism, l\u00e4ser jag.\u00a0Efter nazisternas \u00f6verfall i Malm\u00f6 f\u00f6ljde \u00e4nnu en m\u00e4ngd stora och sm\u00e5 manifestationer.<\/p>\n<p>N\u00e4r detta skrivs har <a href=\"https:\/\/www.facebook.com\/groups\/frontmotrasism\/\">facebookgruppen<\/a>\u00a0just passerat 8 000 medlemmar och arbetet p\u00e5g\u00e5r med en ny webbplats.<\/p>\n<p><b>Enade kring minsta gemensamma n\u00e4mnaren<br \/>\n<\/b><a href=\"https:\/\/sven-ove.nu\/wp-content\/uploads\/2013\/12\/Say-no.jpg\"><img loading=\"lazy\" decoding=\"async\" class=\"alignright size-thumbnail wp-image-7912\" alt=\"Say no\" src=\"https:\/\/sven-ove.nu\/wp-content\/uploads\/2013\/12\/Say-no-150x150.jpg\" width=\"150\" height=\"150\" \/><\/a>Grunden \u00e4r enhetsfrontsarbete. Antirasismen, antifascismen, det \u00e4r den vi \u00e4r \u00f6verens om. H\u00e4r finns b\u00e5de v\u00e4nster- och h\u00f6gerfolk och m\u00e5nga andra. Det g\u00e4ller att hitta den minsta gemensamma n\u00e4mnaren i st\u00e4llet f\u00f6r att sl\u00f6sa tid p\u00e5 att br\u00e5ka om vad som skiljer oss \u00e5t. Den metoden fungerade bra under 1960- och 1970-talens solidaritetsarbete f\u00f6r Vietnam, om du fr\u00e5gar mig, och den fungerar i dag.<\/p>\n<p style=\"padding-left: 30px;\"><strong>Alla m\u00e4nniskor \u00e4r lika mycket v\u00e4rda. M\u00e4nniskov\u00e4rdet \u00e4r ett och okr\u00e4nkbart. Egentligen \u00e4r det bedr\u00f6vligt att det ska beh\u00f6va skapas opinion f\u00f6r den sj\u00e4lvklarheten. Tyv\u00e4rr \u00e4r den inte sj\u00e4lvklar i dessa dagar, det beh\u00f6ver du inte \u00e5ka till Ungern eller Rum\u00e4nien f\u00f6r att h\u00f6ra.<\/strong><\/p>\n<p>G\u00e5 med, du ocks\u00e5. B\u00f6rja med <a href=\"https:\/\/www.facebook.com\/groups\/frontmotrasism\/\">facebooksidan<\/a> s\u00e5 ses vi d\u00e4r. Den har blivit rena universitetet med massor av kloka, satiriska eller bara faktafyllda inl\u00e4gg och l\u00e4nkar varenda dag. Nu har folk dessutom l\u00e4rt sig att fronten kr\u00e4ver disciplin. Jag tror det. Vi m\u00e5ste inte alltid tjafsa om s\u00e5dant som skiljer, vi b\u00f6rjar bli trygga med varandra. G\u00f4tt.<\/p>\n<p>Sockerdricka, n\u00e5gon?<\/p>\n","protected":false},"excerpt":{"rendered":"<p>Ska det bloggas ska det tramsas men dessemellan ska det pratas allvar. S\u00e5 \u00e4r livet. Minns du n\u00e4r du var liten och h\u00e4llde upp sockerdricka \u00e5t dig sj\u00e4lv och dina syskon? Har du n\u00e5gra syskon? Fick ni samma uppfostran som vi? I s\u00e5 fall var du noga n\u00e4r du h\u00e4llde, inte en droppe fick hamna &hellip; <a href=\"https:\/\/sven-ove.nu\/?p=8353\" class=\"more-link\">Forts\u00e4tt l\u00e4sa <span class=\"screen-reader-text\">Minns du n\u00e4r ni var barn och h\u00e4llde upp sockerdricka?<\/span><\/a><\/p>\n","protected":false},"author":1,"featured_media":0,"comment_status":"open","ping_status":"open","sticky":false,"template":"","format":"standard","meta":{"_crdt_document":"","_monsterinsights_skip_tracking":false,"_monsterinsights_sitenote_active":false,"_monsterinsights_sitenote_note":"","_monsterinsights_sitenote_category":0,"footnotes":""},"categories":[10,9],"tags":[17],"class_list":["post-8353","post","type-post","status-publish","format-standard","hentry","category-familjen","category-politik","tag-solidaritet"],"_links":{"self":[{"href":"https:\/\/sven-ove.nu\/index.php?rest_route=\/wp\/v2\/posts\/8353","targetHints":{"allow":["GET"]}}],"collection":[{"href":"https:\/\/sven-ove.nu\/index.php?rest_route=\/wp\/v2\/posts"}],"about":[{"href":"https:\/\/sven-ove.nu\/index.php?rest_route=\/wp\/v2\/types\/post"}],"author":[{"embeddable":true,"href":"https:\/\/sven-ove.nu\/index.php?rest_route=\/wp\/v2\/users\/1"}],"replies":[{"embeddable":true,"href":"https:\/\/sven-ove.nu\/index.php?rest_route=%2Fwp%2Fv2%2Fcomments&post=8353"}],"version-history":[{"count":13,"href":"https:\/\/sven-ove.nu\/index.php?rest_route=\/wp\/v2\/posts\/8353\/revisions"}],"predecessor-version":[{"id":8578,"href":"https:\/\/sven-ove.nu\/index.php?rest_route=\/wp\/v2\/posts\/8353\/revisions\/8578"}],"wp:attachment":[{"href":"https:\/\/sven-ove.nu\/index.php?rest_route=%2Fwp%2Fv2%2Fmedia&parent=8353"}],"wp:term":[{"taxonomy":"category","embeddable":true,"href":"https:\/\/sven-ove.nu\/index.php?rest_route=%2Fwp%2Fv2%2Fcategories&post=8353"},{"taxonomy":"post_tag","embeddable":true,"href":"https:\/\/sven-ove.nu\/index.php?rest_route=%2Fwp%2Fv2%2Ftags&post=8353"}],"curies":[{"name":"wp","href":"https:\/\/api.w.org\/{rel}","templated":true}]}}