{"id":8361,"date":"2014-02-28T03:00:40","date_gmt":"2014-02-28T02:00:40","guid":{"rendered":"http:\/\/sven-ove.nu\/?p=8361"},"modified":"2014-02-26T06:48:02","modified_gmt":"2014-02-26T05:48:02","slug":"trana-smart","status":"publish","type":"post","link":"https:\/\/sven-ove.nu\/?p=8361","title":{"rendered":"Tr\u00e4na smart!"},"content":{"rendered":"<p><a href=\"https:\/\/sven-ove.nu\/wp-content\/uploads\/2014\/02\/Tr\u00e4na-smart.jpg\"><img loading=\"lazy\" decoding=\"async\" class=\"alignright size-large wp-image-8362\" alt=\"Tr\u00e4na smart\" src=\"https:\/\/sven-ove.nu\/wp-content\/uploads\/2014\/02\/Tr\u00e4na-smart-1024x917.jpg\" width=\"640\" height=\"573\" srcset=\"https:\/\/sven-ove.nu\/wp-content\/uploads\/2014\/02\/Tr\u00e4na-smart-1024x917.jpg 1024w, https:\/\/sven-ove.nu\/wp-content\/uploads\/2014\/02\/Tr\u00e4na-smart-300x268.jpg 300w, https:\/\/sven-ove.nu\/wp-content\/uploads\/2014\/02\/Tr\u00e4na-smart.jpg 1340w\" sizes=\"auto, (max-width: 640px) 100vw, 640px\" \/><\/a><\/p>\n<p>Tr\u00e4na smart st\u00e5r det p\u00e5 omslaget till mitt <a href=\"http:\/\/www.runnersworld.se\">favoritmagasin<\/a>. Smart? D\u00e4r springer hon i vita vinterlandskapet, med nakna bara h\u00e4nder och underarmar och ingen m\u00f6ssa p\u00e5 huvudet och ingen halsduk runt halsen.<\/p>\n<p style=\"padding-left: 30px;\"><strong>&#8211; Ta p\u00e5rr\u00e4j m\u00f6sse, onge! s\u00e4ger min inre r\u00f6st och sj\u00e4lv skakar jag p\u00e5 huvudet.<\/strong><br \/>\n<strong>&#8211; T\u00e4nk dig f\u00f6r, du med photoshopen, forts\u00e4tter r\u00f6sten.<\/strong><\/p>\n<p>Det d\u00e4r \u00e4r inte n\u00f6ttit.<br \/>\nDu kan bli kall i hele chassit.<\/p>\n","protected":false},"excerpt":{"rendered":"<p>Tr\u00e4na smart st\u00e5r det p\u00e5 omslaget till mitt favoritmagasin. Smart? D\u00e4r springer hon i vita vinterlandskapet, med nakna bara h\u00e4nder och underarmar och ingen m\u00f6ssa p\u00e5 huvudet och ingen halsduk runt halsen. &#8211; Ta p\u00e5rr\u00e4j m\u00f6sse, onge! s\u00e4ger min inre r\u00f6st och sj\u00e4lv skakar jag p\u00e5 huvudet. &#8211; T\u00e4nk dig f\u00f6r, du med photoshopen, forts\u00e4tter &hellip; <a href=\"https:\/\/sven-ove.nu\/?p=8361\" class=\"more-link\">Forts\u00e4tt l\u00e4sa <span class=\"screen-reader-text\">Tr\u00e4na smart!<\/span><\/a><\/p>\n","protected":false},"author":1,"featured_media":0,"comment_status":"open","ping_status":"open","sticky":false,"template":"","format":"standard","meta":{"_crdt_document":"","_monsterinsights_skip_tracking":false,"_monsterinsights_sitenote_active":false,"_monsterinsights_sitenote_note":"","_monsterinsights_sitenote_category":0,"footnotes":""},"categories":[5],"tags":[16,15,20],"class_list":["post-8361","post","type-post","status-publish","format-standard","hentry","category-lopning","tag-dumheter","tag-mediedjungeln","tag-rad"],"_links":{"self":[{"href":"https:\/\/sven-ove.nu\/index.php?rest_route=\/wp\/v2\/posts\/8361","targetHints":{"allow":["GET"]}}],"collection":[{"href":"https:\/\/sven-ove.nu\/index.php?rest_route=\/wp\/v2\/posts"}],"about":[{"href":"https:\/\/sven-ove.nu\/index.php?rest_route=\/wp\/v2\/types\/post"}],"author":[{"embeddable":true,"href":"https:\/\/sven-ove.nu\/index.php?rest_route=\/wp\/v2\/users\/1"}],"replies":[{"embeddable":true,"href":"https:\/\/sven-ove.nu\/index.php?rest_route=%2Fwp%2Fv2%2Fcomments&post=8361"}],"version-history":[{"count":2,"href":"https:\/\/sven-ove.nu\/index.php?rest_route=\/wp\/v2\/posts\/8361\/revisions"}],"predecessor-version":[{"id":8364,"href":"https:\/\/sven-ove.nu\/index.php?rest_route=\/wp\/v2\/posts\/8361\/revisions\/8364"}],"wp:attachment":[{"href":"https:\/\/sven-ove.nu\/index.php?rest_route=%2Fwp%2Fv2%2Fmedia&parent=8361"}],"wp:term":[{"taxonomy":"category","embeddable":true,"href":"https:\/\/sven-ove.nu\/index.php?rest_route=%2Fwp%2Fv2%2Fcategories&post=8361"},{"taxonomy":"post_tag","embeddable":true,"href":"https:\/\/sven-ove.nu\/index.php?rest_route=%2Fwp%2Fv2%2Ftags&post=8361"}],"curies":[{"name":"wp","href":"https:\/\/api.w.org\/{rel}","templated":true}]}}