{"id":8366,"date":"2014-02-26T18:35:43","date_gmt":"2014-02-26T17:35:43","guid":{"rendered":"http:\/\/sven-ove.nu\/?p=8366"},"modified":"2015-04-26T22:50:43","modified_gmt":"2015-04-26T21:50:43","slug":"svt-fortsatter-urholkningen-av-demokratin","status":"publish","type":"post","link":"https:\/\/sven-ove.nu\/?p=8366","title":{"rendered":"SVT forts\u00e4tter urholkningen av demokratin"},"content":{"rendered":"<p>Tal i egen sak, s\u00e4ger du nu. Ja, det \u00e4r riktigt. Jag \u00e4r medborgare i ett demokratiskt land och hade t\u00e4nkt forts\u00e4tta att vara det.<\/p>\n<p>Det som h\u00e4nder p\u00e5 tidningssidan \u00e4r djupt oroande. I takt med att papperstidningarna minskar sina upplagor och redaktioner, s\u00e5 urholkas ocks\u00e5 demokratin. F\u00f6r varje granskare som f\u00f6rsvinner, f\u00f6r varje kommun som blir utan sin lokalredakt\u00f6r, f\u00f6r varje reportageteam som inte kan \u00e5ka ut och g\u00f6ra sitt jobb \u2013 s\u00e5 urholkas den.<\/p>\n<p>Nu \u00e4r det Sveriges Television i Karlstad som g\u00e5r samma v\u00e4g. H\u00e4r m\u00e5ste redaktionen g\u00f6ra sig av med n\u00e4ra tio personer, n\u00e4r reportrarna ska bli videojournalister. Alla som varit lokalredakt\u00f6rer vet vad den sortens rationalisering inneb\u00e4r. Det betyder att endera intervjuandet\/skrivandet eller bilderna blir s\u00e4mre. Dessutom ska m\u00e5nga s\u00e4ndningar programledas fr\u00e5n G\u00f6teborg.\u00a0Det \u00e4r en trevlig stad men det \u00e4r inte tv\u00e4renkelt att sitta d\u00e4r och veta vad Kalan\u2019 \u00e4r f\u00f6r st\u00e4lle eller vad gropa i Rans\u00e4ter \u00e4r f\u00f6r en grop.<\/p>\n<p>Sj\u00e4lv k\u00e4nner jag massor av v\u00e4rml\u00e4ndska politiker som tycker det \u00e4r kul att komma i tidningen och \u00e4nnu roligare att komma i tv. Har n\u00e5gon av dem protesterat mot nedsk\u00e4rningarna p\u00e5 V\u00e4rmlandsnytt?<\/p>\n<p>Jag har d\u00e5 inte h\u00f6rt n\u00e5gon.<br \/>\nMen de har v\u00e4l <span style=\"text-decoration: underline;\">sin<\/span> demokrati att t\u00e4nka p\u00e5.<\/p>\n<p style=\"padding-left: 30px;\"><b><em>L\u00e4nkar<\/em><br \/>\n<\/b><em>P4 V\u00e4rmland: <a href=\"http:\/\/sverigesradio.se\/sida\/artikel.aspx?programid=93&amp;artikel=5794820\">Stora f\u00f6r\u00e4ndringar p\u00e5 V\u00e4rmlandsnytt<br \/>\n<\/a>SVT V\u00e4rmlandsnytt: <a href=\"http:\/\/www.svt.se\/nyheter\/regionalt\/varmlandsnytt\/nedskarningar-pa-varmlandsnytt\">Nedsk\u00e4rningar p\u00e5 V\u00e4rmlandsnytt<\/a><\/em><\/p>\n<p>PS. Ett dygn senare: det framg\u00e5r av en kommentar till inl\u00e4gget att den borgerliga majoriteten i Karlstad tydligen gjort ett uttalande om sin oro f\u00f6r nedsk\u00e4rningarna vid V\u00e4rmlandsnytt. En av de f\u00f6rsta som gillade n\u00e4r jag l\u00e4nkade mitt inl\u00e4gg p\u00e5 facebook i g\u00e5r var f\u00f6r \u00f6vrigt kommunalr\u00e5det h\u00e4r p\u00e5 trakten. Alla sitter inte stilla och accepterar. Bra. DS.<\/p>\n","protected":false},"excerpt":{"rendered":"<p>Tal i egen sak, s\u00e4ger du nu. Ja, det \u00e4r riktigt. Jag \u00e4r medborgare i ett demokratiskt land och hade t\u00e4nkt forts\u00e4tta att vara det. Det som h\u00e4nder p\u00e5 tidningssidan \u00e4r djupt oroande. I takt med att papperstidningarna minskar sina upplagor och redaktioner, s\u00e5 urholkas ocks\u00e5 demokratin. F\u00f6r varje granskare som f\u00f6rsvinner, f\u00f6r varje kommun &hellip; <a href=\"https:\/\/sven-ove.nu\/?p=8366\" class=\"more-link\">Forts\u00e4tt l\u00e4sa <span class=\"screen-reader-text\">SVT forts\u00e4tter urholkningen av demokratin<\/span><\/a><\/p>\n","protected":false},"author":1,"featured_media":0,"comment_status":"open","ping_status":"open","sticky":false,"template":"","format":"standard","meta":{"_crdt_document":"","_monsterinsights_skip_tracking":false,"_monsterinsights_sitenote_active":false,"_monsterinsights_sitenote_note":"","_monsterinsights_sitenote_category":0,"footnotes":""},"categories":[9,4],"tags":[16,15],"class_list":["post-8366","post","type-post","status-publish","format-standard","hentry","category-politik","category-skrivande","tag-dumheter","tag-mediedjungeln"],"_links":{"self":[{"href":"https:\/\/sven-ove.nu\/index.php?rest_route=\/wp\/v2\/posts\/8366","targetHints":{"allow":["GET"]}}],"collection":[{"href":"https:\/\/sven-ove.nu\/index.php?rest_route=\/wp\/v2\/posts"}],"about":[{"href":"https:\/\/sven-ove.nu\/index.php?rest_route=\/wp\/v2\/types\/post"}],"author":[{"embeddable":true,"href":"https:\/\/sven-ove.nu\/index.php?rest_route=\/wp\/v2\/users\/1"}],"replies":[{"embeddable":true,"href":"https:\/\/sven-ove.nu\/index.php?rest_route=%2Fwp%2Fv2%2Fcomments&post=8366"}],"version-history":[{"count":4,"href":"https:\/\/sven-ove.nu\/index.php?rest_route=\/wp\/v2\/posts\/8366\/revisions"}],"predecessor-version":[{"id":8370,"href":"https:\/\/sven-ove.nu\/index.php?rest_route=\/wp\/v2\/posts\/8366\/revisions\/8370"}],"wp:attachment":[{"href":"https:\/\/sven-ove.nu\/index.php?rest_route=%2Fwp%2Fv2%2Fmedia&parent=8366"}],"wp:term":[{"taxonomy":"category","embeddable":true,"href":"https:\/\/sven-ove.nu\/index.php?rest_route=%2Fwp%2Fv2%2Fcategories&post=8366"},{"taxonomy":"post_tag","embeddable":true,"href":"https:\/\/sven-ove.nu\/index.php?rest_route=%2Fwp%2Fv2%2Ftags&post=8366"}],"curies":[{"name":"wp","href":"https:\/\/api.w.org\/{rel}","templated":true}]}}