{"id":8371,"date":"2014-03-01T03:00:18","date_gmt":"2014-03-01T02:00:18","guid":{"rendered":"http:\/\/sven-ove.nu\/?p=8371"},"modified":"2014-03-03T18:23:48","modified_gmt":"2014-03-03T17:23:48","slug":"antirasistiskt-faq-del-1","status":"publish","type":"post","link":"https:\/\/sven-ove.nu\/?p=8371","title":{"rendered":"Antirasistiska FAQ (del 1)"},"content":{"rendered":"<p><b><\/b><b>Bor det inte f\u00f6r m\u00e5nga invandrare i Sverige?<br \/>\n<\/b>Du, det \u00e4r v\u00e4rre \u00e4n s\u00e5. F\u00f6r drygt 10 000 \u00e5r sedan var det tv\u00e5 kilometer tjock is h\u00e4r. Vi \u00e4r invandrare allihop.<\/p>\n<p><b>\u00c4r det sant att Jimmie \u00c5kesson blev jagad av <a href=\"http:\/\/www.etc.se\/inrikes\/jimmie-akesson-ljog-om-uppvaxten-i-tv-intervjun\" target=\"_blank\">stora<\/a> invandrarg\u00e4ng i S\u00f6lvesborg n\u00e4r han var barn?<br \/>\n<\/b>Absolut. Vi f\u00e5r inte ta ifr\u00e5n honom den upplevelsen. Och varje kv\u00e4ll kom John Blund, han fanns ocks\u00e5. P\u00e5 julafton var det tomten. Verkligen.<\/p>\n<p><b>Borde vi inte skicka hem alla invandrare och deras barn?<br \/>\n<\/b>T\u00e4nker du p\u00e5 kungafamiljen? Eller den sn\u00e4lle Ernst Kirchsteiger? S\u00e5 vi f\u00e5r plats med alla de 1,2 miljoner svenskar som emigrerade till Amerika, menar du? N\u00e4r de i sin tur blir hemskickade fr\u00e5n sina nya heml\u00e4nder.<\/p>\n<p>Hur ska vi g\u00f6ra med svensk\u00e4ttlingar som gift sig med tyskamerikaner och afroamerikaner och albanienamerikaner d\u00e4r borta? Ska vi ta emot deras barn ocks\u00e5 eller f\u00e5r de trampa vatten i mitten av Atlanten resten av livet? Vad sa du? Jas\u00e5 Lampedusa. Ja d\u00e4r finns det v\u00e4ltrampat vatten.<\/p>\n<p><b>Flyktingarna f\u00e5r 22 000 i m\u00e5naden har jag h\u00f6rt.<br \/>\n<\/b>Kalorier?<\/p>\n<p style=\"padding-left: 60px;\"><b><i><a href=\"https:\/\/sven-ove.nu\/wp-content\/uploads\/2014\/03\/Kalorier.jpg\"><img loading=\"lazy\" decoding=\"async\" class=\"alignright size-medium wp-image-8375\" alt=\"Kalorier?\" src=\"https:\/\/sven-ove.nu\/wp-content\/uploads\/2014\/03\/Kalorier-300x233.jpg\" width=\"300\" height=\"233\" srcset=\"https:\/\/sven-ove.nu\/wp-content\/uploads\/2014\/03\/Kalorier-300x233.jpg 300w, https:\/\/sven-ove.nu\/wp-content\/uploads\/2014\/03\/Kalorier.jpg 544w\" sizes=\"auto, (max-width: 300px) 100vw, 300px\" \/><\/a>FAQ<\/i><\/b><i> \u00e4r f\u00f6rkortning f\u00f6r engelska Frequently Asked Questions, vanliga fr\u00e5gor.<\/i><\/p>\n<p style=\"padding-left: 60px;\"><b><i>Ingen invasion<\/i><\/b><i>. 1980 hade S\u00f6lvesborg 7 287 inv\u00e5nare. \u00c5ret d\u00e4rp\u00e5 flyttade 19 personer in fr\u00e5n utlandet och 12 ut. <\/i><i>1982: 14 utrikes flyttningar in, 26 ut. 1983: 14 utrikes flyttningar in, 30 ut. 1984: 22 utrikes flyttningar in, 13 ut. 1985: 24 utrikes flyttningar in, 10 ut. 1986: 99 utrikes flyttningar in, 27 ut. 1987: 107 utrikes flyttningar in, 9 ut. 1988: 190 utrikes flyttningar in, 20 ut. K\u00e4lla: SCB.<\/i><\/p>\n<p style=\"padding-left: 60px;\"><b><i>D\u00e5 var vi sj\u00e4lva tvungna att emigrera<\/i><\/b><i>. Fr\u00e5n mitten av 1840-talet och till b\u00f6rjan av 1930-talet emigrerade mer \u00e4n 1,2 miljoner svenskar till Amerika. L\u00e4nge bodde det fler svenskar i Chicago \u00e4n i G\u00f6teborg.<\/i><\/p>\n<p style=\"padding-left: 60px;\"><b><i>Flyktingbidrag<\/i><\/b><i>. Hur mycket pengar f\u00e5r en flykting som kommer till Sverige i m\u00e5naden? Den 25 \u00a0februari gick tidningen Vetlandaposten igenom <\/i><a href=\"http:\/\/www.vetlandaposten.se\/regionalt\/det-har-ar-de-nyanlandas-bidrag#.UxDDYP3cvJw\"><i>bidragen<\/i><\/a><i>.<\/i><\/p>\n<p style=\"padding-left: 60px;\"><i>S\u00f6ker du asyl f\u00e5r du dagsers\u00e4ttning medan du v\u00e4ntar. Bor du p\u00e5 Migrationsverkets anl\u00e4ggning med fri mat \u00e4r ers\u00e4ttningen 24 kronor om dagen f\u00f6r en ensamst\u00e5ende vuxen. Delar du hush\u00e5ll med n\u00e5gon annan vuxen f\u00e5r ni 19 kronor var per dag. Har ni barn \u00e4r ers\u00e4ttningen 12 kronor om dagen, upp till 17 \u00e5r. Fr\u00e5n och med det tredje barnet halveras ers\u00e4ttningen.<\/i><\/p>\n<p style=\"padding-left: 60px;\"><i>Har du eget hush\u00e5ll och k\u00f6per maten sj\u00e4lv f\u00e5r du 71 kronor per dag om du \u00e4r vuxen och bor ensam. Delar du hush\u00e5ll f\u00e5r ni 61 kronor var. F\u00f6r barn upp till tre \u00e5r f\u00e5r ni 37 kronor, 43 kronor f\u00f6r barn mellan 4 och 10 \u00e5r och 50 kronor f\u00f6r barn mellan 11 och 17 \u00e5r. \u00c4ven h\u00e4r halveras bidrag fr\u00e5n och med tredje barnet.<\/i><i>\u00a0<\/i><\/p>\n<p style=\"padding-left: 60px;\"><i>Dagers\u00e4ttningen ska r\u00e4cka till kl\u00e4der, sjukv\u00e5rd, medicin, tandv\u00e5rd, f\u00f6rbrukningsvaror och fritidsaktiviteter. En asylans\u00f6kan ska ta h\u00f6gst 4,5 m\u00e5nader.<\/i><i>\u00a0<\/i><\/p>\n<p style=\"padding-left: 60px;\"><b><i>Medsyster<\/i><\/b><i>. N\u00e5gra av synonymerna till medm\u00e4nniska i ordbehandlingsprogrammet word: \u201dn\u00e4sta\u201d, \u201dmedbroder, medsyster, varje annan m\u00e4nniska\u201d.<\/i><\/p>\n<p style=\"padding-left: 60px;\"><i>Varje annan m\u00e4nniska.<\/i><\/p>\n","protected":false},"excerpt":{"rendered":"<p>Bor det inte f\u00f6r m\u00e5nga invandrare i Sverige? Du, det \u00e4r v\u00e4rre \u00e4n s\u00e5. F\u00f6r drygt 10 000 \u00e5r sedan var det tv\u00e5 kilometer tjock is h\u00e4r. Vi \u00e4r invandrare allihop. \u00c4r det sant att Jimmie \u00c5kesson blev jagad av stora invandrarg\u00e4ng i S\u00f6lvesborg n\u00e4r han var barn? Absolut. Vi f\u00e5r inte ta ifr\u00e5n honom &hellip; <a href=\"https:\/\/sven-ove.nu\/?p=8371\" class=\"more-link\">Forts\u00e4tt l\u00e4sa <span class=\"screen-reader-text\">Antirasistiska FAQ (del 1)<\/span><\/a><\/p>\n","protected":false},"author":1,"featured_media":0,"comment_status":"open","ping_status":"open","sticky":false,"template":"","format":"standard","meta":{"_crdt_document":"","_monsterinsights_skip_tracking":false,"_monsterinsights_sitenote_active":false,"_monsterinsights_sitenote_note":"","_monsterinsights_sitenote_category":0,"footnotes":""},"categories":[9],"tags":[8,24,17],"class_list":["post-8371","post","type-post","status-publish","format-standard","hentry","category-politik","tag-historia","tag-karlek","tag-solidaritet"],"_links":{"self":[{"href":"https:\/\/sven-ove.nu\/index.php?rest_route=\/wp\/v2\/posts\/8371","targetHints":{"allow":["GET"]}}],"collection":[{"href":"https:\/\/sven-ove.nu\/index.php?rest_route=\/wp\/v2\/posts"}],"about":[{"href":"https:\/\/sven-ove.nu\/index.php?rest_route=\/wp\/v2\/types\/post"}],"author":[{"embeddable":true,"href":"https:\/\/sven-ove.nu\/index.php?rest_route=\/wp\/v2\/users\/1"}],"replies":[{"embeddable":true,"href":"https:\/\/sven-ove.nu\/index.php?rest_route=%2Fwp%2Fv2%2Fcomments&post=8371"}],"version-history":[{"count":6,"href":"https:\/\/sven-ove.nu\/index.php?rest_route=\/wp\/v2\/posts\/8371\/revisions"}],"predecessor-version":[{"id":8389,"href":"https:\/\/sven-ove.nu\/index.php?rest_route=\/wp\/v2\/posts\/8371\/revisions\/8389"}],"wp:attachment":[{"href":"https:\/\/sven-ove.nu\/index.php?rest_route=%2Fwp%2Fv2%2Fmedia&parent=8371"}],"wp:term":[{"taxonomy":"category","embeddable":true,"href":"https:\/\/sven-ove.nu\/index.php?rest_route=%2Fwp%2Fv2%2Fcategories&post=8371"},{"taxonomy":"post_tag","embeddable":true,"href":"https:\/\/sven-ove.nu\/index.php?rest_route=%2Fwp%2Fv2%2Ftags&post=8371"}],"curies":[{"name":"wp","href":"https:\/\/api.w.org\/{rel}","templated":true}]}}