{"id":8406,"date":"2014-03-05T03:00:37","date_gmt":"2014-03-05T02:00:37","guid":{"rendered":"http:\/\/sven-ove.nu\/?p=8406"},"modified":"2014-03-04T21:51:23","modified_gmt":"2014-03-04T20:51:23","slug":"maktsprak-i-ost-vast-och-alger","status":"publish","type":"post","link":"https:\/\/sven-ove.nu\/?p=8406","title":{"rendered":"Maktspr\u00e5k i \u00f6st, v\u00e4st och Alger"},"content":{"rendered":"<p><a href=\"https:\/\/sven-ove.nu\/wp-content\/uploads\/2014\/03\/Klarspr\u00e5k.jpg\"><img loading=\"lazy\" decoding=\"async\" class=\"alignright size-large wp-image-8409\" alt=\"Klarspr\u00e5k\" src=\"https:\/\/sven-ove.nu\/wp-content\/uploads\/2014\/03\/Klarspr\u00e5k-1024x481.jpg\" width=\"640\" height=\"300\" srcset=\"https:\/\/sven-ove.nu\/wp-content\/uploads\/2014\/03\/Klarspr\u00e5k-1024x481.jpg 1024w, https:\/\/sven-ove.nu\/wp-content\/uploads\/2014\/03\/Klarspr\u00e5k-300x141.jpg 300w\" sizes=\"auto, (max-width: 640px) 100vw, 640px\" \/><\/a><\/p>\n<p>Maktspr\u00e5k talas det sannerligen i dessa dagar. \u00d6sterut \u00e4r det hr Putin som talar ryska p\u00e5 ett s\u00e4tt som k\u00e4nns bekant p\u00e5 den kanten. Han har f\u00f6rvisso en maktspr\u00e5karkollega v\u00e4sterut, som ocks\u00e5 vet att tala med j\u00e4rnskodd n\u00e4ve.<\/p>\n<p>Jag har sagt det f\u00f6rut och nu s\u00e4ger jag det igen. Sverige beh\u00f6ver ett f\u00f6rsvar. Har aldrig f\u00f6rst\u00e5tt varf\u00f6r allm\u00e4nna v\u00e4rnplikten togs bort. En av de mer demokratiska plikterna vi haft.<\/p>\n<p style=\"padding-left: 30px;\"><b>I min ungdom var maktspr\u00e5k n\u00e5got vi talte mycket om. Kanske har det spr\u00e5ket minskat n\u00e5got lite, n\u00e4r myndighet efter myndighet i landet b\u00f6rjar jobba med sitt klarspr\u00e5k? Kanske, kanske inte. Nog finns det mycket kvar att g\u00f6ra, innan alla f\u00f6rst\u00e5r vad alla inte f\u00f6rst\u00e5r.<\/b><\/p>\n<p style=\"padding-left: 30px;\"><b>De malliga orden.<\/b><\/p>\n<p>En som ocks\u00e5 kunde tala maktspr\u00e5k var Frankrikes forne president, general de Gaulle. I senaste numret av det utm\u00e4rkta informationsbladet <b>Klarspr\u00e5k<\/b>\u00a0fr\u00e5n Spr\u00e5kr\u00e5det ber\u00e4ttar Utbildningsradions vd Erik Fichtelius:<\/p>\n<p style=\"padding-left: 30px;\"><i>\u201dP\u00e5 torget i Alger, n\u00e4r den franska milit\u00e4ren i praktiken n\u00e4stan beg\u00e5tt en statskupp framtr\u00e4der Generalen. Stridsvagnarna \u00e4r framk\u00f6rda, ska milit\u00e4ren fullf\u00f6lja? Till soldaternas jubel f\u00f6rklarar de Gaulle att \u2019jag har f\u00f6rst\u00e5tt er\u2019. Milit\u00e4ren tolkar det p\u00e5 sitt s\u00e4tt och drar sig tillbaka. Men generalen hade f\u00f6rst\u00e5tt det p\u00e5 sitt s\u00e4tt, \u00e5tertog makten och straffade kuppmakarna.<\/i><\/p>\n<p style=\"padding-left: 30px;\"><i>Det \u00e4r inte alltid man f\u00f6rst\u00e5tt, n\u00e4r man tror sig ha f\u00f6rst\u00e5tt.\u201d<\/i><\/p>\n","protected":false},"excerpt":{"rendered":"<p>Maktspr\u00e5k talas det sannerligen i dessa dagar. \u00d6sterut \u00e4r det hr Putin som talar ryska p\u00e5 ett s\u00e4tt som k\u00e4nns bekant p\u00e5 den kanten. Han har f\u00f6rvisso en maktspr\u00e5karkollega v\u00e4sterut, som ocks\u00e5 vet att tala med j\u00e4rnskodd n\u00e4ve. Jag har sagt det f\u00f6rut och nu s\u00e4ger jag det igen. Sverige beh\u00f6ver ett f\u00f6rsvar. Har aldrig &hellip; <a href=\"https:\/\/sven-ove.nu\/?p=8406\" class=\"more-link\">Forts\u00e4tt l\u00e4sa <span class=\"screen-reader-text\">Maktspr\u00e5k i \u00f6st, v\u00e4st och Alger<\/span><\/a><\/p>\n","protected":false},"author":1,"featured_media":0,"comment_status":"open","ping_status":"open","sticky":false,"template":"","format":"standard","meta":{"_crdt_document":"","_monsterinsights_skip_tracking":false,"_monsterinsights_sitenote_active":false,"_monsterinsights_sitenote_note":"","_monsterinsights_sitenote_category":0,"footnotes":""},"categories":[4],"tags":[21],"class_list":["post-8406","post","type-post","status-publish","format-standard","hentry","category-skrivande","tag-ord"],"_links":{"self":[{"href":"https:\/\/sven-ove.nu\/index.php?rest_route=\/wp\/v2\/posts\/8406","targetHints":{"allow":["GET"]}}],"collection":[{"href":"https:\/\/sven-ove.nu\/index.php?rest_route=\/wp\/v2\/posts"}],"about":[{"href":"https:\/\/sven-ove.nu\/index.php?rest_route=\/wp\/v2\/types\/post"}],"author":[{"embeddable":true,"href":"https:\/\/sven-ove.nu\/index.php?rest_route=\/wp\/v2\/users\/1"}],"replies":[{"embeddable":true,"href":"https:\/\/sven-ove.nu\/index.php?rest_route=%2Fwp%2Fv2%2Fcomments&post=8406"}],"version-history":[{"count":3,"href":"https:\/\/sven-ove.nu\/index.php?rest_route=\/wp\/v2\/posts\/8406\/revisions"}],"predecessor-version":[{"id":8410,"href":"https:\/\/sven-ove.nu\/index.php?rest_route=\/wp\/v2\/posts\/8406\/revisions\/8410"}],"wp:attachment":[{"href":"https:\/\/sven-ove.nu\/index.php?rest_route=%2Fwp%2Fv2%2Fmedia&parent=8406"}],"wp:term":[{"taxonomy":"category","embeddable":true,"href":"https:\/\/sven-ove.nu\/index.php?rest_route=%2Fwp%2Fv2%2Fcategories&post=8406"},{"taxonomy":"post_tag","embeddable":true,"href":"https:\/\/sven-ove.nu\/index.php?rest_route=%2Fwp%2Fv2%2Ftags&post=8406"}],"curies":[{"name":"wp","href":"https:\/\/api.w.org\/{rel}","templated":true}]}}