{"id":8418,"date":"2014-03-07T03:00:33","date_gmt":"2014-03-07T02:00:33","guid":{"rendered":"http:\/\/sven-ove.nu\/?p=8418"},"modified":"2014-03-06T20:05:04","modified_gmt":"2014-03-06T19:05:04","slug":"antirasistiska-faq-del-2","status":"publish","type":"post","link":"https:\/\/sven-ove.nu\/?p=8418","title":{"rendered":"Antirasistiska FAQ (del 2)"},"content":{"rendered":"<p><b>Du vet v\u00e4l vad de d\u00f6pte bass\u00e4ngen p\u00e5 Kronoparken i Karlstad till?<br \/>\n<\/b>Ja det vet jag. \u201dPersiska viken\u201d. Lite humor m\u00e5ste folk f\u00e5 ha. Jag vet en plats som heter Svenneby ocks\u00e5, men av andra sk\u00e4l.<\/p>\n<p style=\"padding-left: 30px;\"><i>Sverige \u00e4r fullt av st\u00e4llen som folk d\u00f6pt till Peking, Cuba eller Korea, av olika orsaker. En del av namnen st\u00e5r p\u00e5 kartan. Sj\u00e4lv \u00e4r jag finn\u00e4ttling, jag blir stolt varje g\u00e5ng vi kommer till finnskogen. <a href=\"http:\/\/www.varmlandsmuseum.se\/1\/1.0.1.0\/513\/1\/\">Juhola<\/a>, <a href=\"http:\/\/www.mattila.se\/fritid.htm\">Mattila<\/a>, <a href=\"http:\/\/www.lansstyrelsen.se\/varmland\/Sv\/djur-och-natur\/skyddad-natur\/naturreservat\/torsby\/ritamaki\/Pages\/index.aspx\">Ritam\u00e4ki<\/a>, Sarklamp, Noppi &#8211; varenda berg, varenda torp och varenda tj\u00e4rn har namn p\u00e5 finska.<\/i><\/p>\n<p style=\"padding-left: 30px;\"><i>Gamla <a href=\"http:\/\/www.svetur.se\/vallonbruken\">vallonbruk<\/a> \u00e4r det fler \u00e4n jag som blir stolta n\u00e4r de ser. Visst br\u00f6t j\u00e4rnet bygd, men hur ofta var det inte en yrkesskicklig invandrare som h\u00f6ll i t\u00e5ngen och sl\u00e4ggan?\u00a0<\/i><\/p>\n<p style=\"padding-left: 30px;\"><i>Nu \u00e4r det nya v\u00e4nner som kommer hit och ger landet livskraft. I V\u00e4rmland har vi f\u00e5tt en ny trakt kring Hagfors och Munkfors. <a href=\"http:\/\/www.svt.se\/nyheter\/sverige\/hollandarkoloni-i-munkfors\">Nederland<\/a>. Holl\u00e4ndarbygden. V\u00e4lkomna, gov\u00e4nner!<\/i><\/p>\n<p><b>Ska man inte f\u00e5 s\u00e4ga negerboll och kinapuff i det h\u00e4r landet nu?<br \/>\n<\/b>S\u00e4g glassbomb eller granat\u00e4pple, det sm\u00e4ller h\u00f6gre.<\/p>\n<p style=\"padding-left: 30px;\"><i>\u201dNeger\u201d \u00e4r ett ord vars historia kan vara sv\u00e5r att f\u00f6rst\u00e5 f\u00f6r \u00e4ldre svenskar. Till och med Hasse Alfredssons Lindeman skojade om \u201dnegrer\u201d. Det var innan vi l\u00e4rde oss hur f\u00f6rnedrande det var.<\/i><\/p>\n<p style=\"padding-left: 30px;\"><i>Det som var sv\u00e5rast f\u00f6r mig att inse, var vilken kr\u00e4nkning det \u00e4r f\u00f6r n\u00e5gra. Eller att det inte \u00e4r jag, spr\u00e5k- och historieintresserad vit svensk medelklassman, 63, som \u00e4ger r\u00e4tten att tolka ordet. Det g\u00f6r de som inte m\u00e5r bra av det.<\/i><\/p>\n<p style=\"padding-left: 30px;\"><i><a href=\"https:\/\/sven-ove.nu\/wp-content\/uploads\/2014\/03\/Kr\u00e4nkning.jpg\"><img loading=\"lazy\" decoding=\"async\" class=\"alignright size-medium wp-image-8427\" alt=\"Kr\u00e4nkning\" src=\"https:\/\/sven-ove.nu\/wp-content\/uploads\/2014\/03\/Kr\u00e4nkning-300x153.jpg\" width=\"300\" height=\"153\" srcset=\"https:\/\/sven-ove.nu\/wp-content\/uploads\/2014\/03\/Kr\u00e4nkning-300x153.jpg 300w, https:\/\/sven-ove.nu\/wp-content\/uploads\/2014\/03\/Kr\u00e4nkning.jpg 563w\" sizes=\"auto, (max-width: 300px) 100vw, 300px\" \/><\/a>Visst tycker jag fortfarande att det \u00e4r snopet att kommunen bytte namn p\u00e5 kvarteret <a href=\"http:\/\/www.dn.se\/nyheter\/sverige\/kvarteret-negern-far-nytt-namn\/\">Negern<\/a> i Karlstad, d\u00f6pt strax efter amerikanska inb\u00f6rdeskriget, d\u00e5 slaveriet var en av stridsfr\u00e5gorna. Visst hade det varit bra om historiesynen hade varit vidsyntare. \u00c4nd\u00e5 m\u00e5ste jag ge mig, det \u00e4r de som m\u00e5r illa som har r\u00e4tt. Hur ska vi annars kunna kalla oss medm\u00e4nniskor? Vi vill inte att n\u00e5gon ska m\u00e5 d\u00e5ligt h\u00e4r p\u00e5 trakten.<\/i><\/p>\n<p style=\"padding-left: 30px;\"><i>Ja, jag har \u00e4ndrat mig om kvartersnamnet. Jag \u00e4r f\u00f6rv\u00e5nad sj\u00e4lv.<\/i><\/p>\n<p style=\"padding-left: 30px;\"><i>\u201dNegerbulle\u201d var det l\u00e4nge sedan jag sa. Jag s\u00e4ger inte norrbagge heller. Fr\u00e5n b\u00f6rjan betydde bagge sj\u00e4lva pungen p\u00e5 f\u00e5ret, f\u00f6rresten. Scrotum.<\/i><\/p>\n<p style=\"padding-left: 30px;\"><i>Om du m\u00e5ste, s\u00e5 f\u00e5r du kalla mig nyeds\u00f4lv (nyedsulv). Det \u00e4r v\u00e5rt gamla socken\u00f6knamn. Vi \u00e4r lite varglika i socknen d\u00e4r jag v\u00e4xte upp. Somliga av oss blir bitska om vi inte f\u00e5r mat men ger du oss f\u00f6da har vi god uth\u00e5llighet. Pratar du d\u00e4remot om Svensson, Medel-Svensson eller Nisse i H\u00f6kar\u00e4ngen blir jag en liiiiten aning ledsen, tyst f\u00f6r mig sj\u00e4lv.<\/i><\/p>\n<p style=\"padding-left: 30px;\"><i>\u00a0<\/i><i>Jag skojar inte.<br \/>\n<\/i><i>Det \u00e4r folkf\u00f6rakt.<\/i><\/p>\n<p><strong>L\u00e4nk:<\/strong><br \/>\n<a href=\"https:\/\/sven-ove.nu\/?p=8371\">Antirasistiska FAQ (del 1)<\/a><\/p>\n","protected":false},"excerpt":{"rendered":"<p>Du vet v\u00e4l vad de d\u00f6pte bass\u00e4ngen p\u00e5 Kronoparken i Karlstad till? Ja det vet jag. \u201dPersiska viken\u201d. Lite humor m\u00e5ste folk f\u00e5 ha. Jag vet en plats som heter Svenneby ocks\u00e5, men av andra sk\u00e4l. Sverige \u00e4r fullt av st\u00e4llen som folk d\u00f6pt till Peking, Cuba eller Korea, av olika orsaker. En del av &hellip; <a href=\"https:\/\/sven-ove.nu\/?p=8418\" class=\"more-link\">Forts\u00e4tt l\u00e4sa <span class=\"screen-reader-text\">Antirasistiska FAQ (del 2)<\/span><\/a><\/p>\n","protected":false},"author":1,"featured_media":0,"comment_status":"open","ping_status":"open","sticky":false,"template":"","format":"standard","meta":{"_crdt_document":"","_monsterinsights_skip_tracking":false,"_monsterinsights_sitenote_active":false,"_monsterinsights_sitenote_note":"","_monsterinsights_sitenote_category":0,"footnotes":""},"categories":[10,4],"tags":[8,25,21,17],"class_list":["post-8418","post","type-post","status-publish","format-standard","hentry","category-familjen","category-skrivande","tag-historia","tag-kartan","tag-ord","tag-solidaritet"],"_links":{"self":[{"href":"https:\/\/sven-ove.nu\/index.php?rest_route=\/wp\/v2\/posts\/8418","targetHints":{"allow":["GET"]}}],"collection":[{"href":"https:\/\/sven-ove.nu\/index.php?rest_route=\/wp\/v2\/posts"}],"about":[{"href":"https:\/\/sven-ove.nu\/index.php?rest_route=\/wp\/v2\/types\/post"}],"author":[{"embeddable":true,"href":"https:\/\/sven-ove.nu\/index.php?rest_route=\/wp\/v2\/users\/1"}],"replies":[{"embeddable":true,"href":"https:\/\/sven-ove.nu\/index.php?rest_route=%2Fwp%2Fv2%2Fcomments&post=8418"}],"version-history":[{"count":12,"href":"https:\/\/sven-ove.nu\/index.php?rest_route=\/wp\/v2\/posts\/8418\/revisions"}],"predecessor-version":[{"id":8432,"href":"https:\/\/sven-ove.nu\/index.php?rest_route=\/wp\/v2\/posts\/8418\/revisions\/8432"}],"wp:attachment":[{"href":"https:\/\/sven-ove.nu\/index.php?rest_route=%2Fwp%2Fv2%2Fmedia&parent=8418"}],"wp:term":[{"taxonomy":"category","embeddable":true,"href":"https:\/\/sven-ove.nu\/index.php?rest_route=%2Fwp%2Fv2%2Fcategories&post=8418"},{"taxonomy":"post_tag","embeddable":true,"href":"https:\/\/sven-ove.nu\/index.php?rest_route=%2Fwp%2Fv2%2Ftags&post=8418"}],"curies":[{"name":"wp","href":"https:\/\/api.w.org\/{rel}","templated":true}]}}