{"id":8444,"date":"2014-03-09T03:00:15","date_gmt":"2014-03-09T02:00:15","guid":{"rendered":"http:\/\/sven-ove.nu\/?p=8444"},"modified":"2014-03-08T16:47:07","modified_gmt":"2014-03-08T15:47:07","slug":"for-ovrigt-anser-jag","status":"publish","type":"post","link":"https:\/\/sven-ove.nu\/?p=8444","title":{"rendered":"F\u00f6r \u00f6vrigt anser jag &#8230;"},"content":{"rendered":"<p><a href=\"https:\/\/sven-ove.nu\/wp-content\/uploads\/2013\/12\/Say-no.jpg\"><img loading=\"lazy\" decoding=\"async\" class=\"alignleft size-medium wp-image-7912\" alt=\"Say no\" src=\"https:\/\/sven-ove.nu\/wp-content\/uploads\/2013\/12\/Say-no-300x144.jpg\" width=\"300\" height=\"144\" srcset=\"https:\/\/sven-ove.nu\/wp-content\/uploads\/2013\/12\/Say-no-300x144.jpg 300w, https:\/\/sven-ove.nu\/wp-content\/uploads\/2013\/12\/Say-no.jpg 960w\" sizes=\"auto, (max-width: 300px) 100vw, 300px\" \/><\/a>\u2026 \u00e4ven i dag att det \u00e4r bra att den h\u00e4r gruppen finns:<br \/>\n<strong><a href=\"https:\/\/www.facebook.com\/groups\/frontmotrasism\/\">Facebookgruppen Front mot rasism och gryende fascism<\/a><\/strong><\/p>\n<p>M\u00e4nniskov\u00e4rdet \u00e4r ett och okr\u00e4nkbart.<\/p>\n","protected":false},"excerpt":{"rendered":"<p>\u2026 \u00e4ven i dag att det \u00e4r bra att den h\u00e4r gruppen finns: Facebookgruppen Front mot rasism och gryende fascism M\u00e4nniskov\u00e4rdet \u00e4r ett och okr\u00e4nkbart.<\/p>\n","protected":false},"author":1,"featured_media":0,"comment_status":"open","ping_status":"open","sticky":false,"template":"","format":"standard","meta":{"_crdt_document":"","_monsterinsights_skip_tracking":false,"_monsterinsights_sitenote_active":false,"_monsterinsights_sitenote_note":"","_monsterinsights_sitenote_category":0,"footnotes":""},"categories":[9],"tags":[24,17],"class_list":["post-8444","post","type-post","status-publish","format-standard","hentry","category-politik","tag-karlek","tag-solidaritet"],"_links":{"self":[{"href":"https:\/\/sven-ove.nu\/index.php?rest_route=\/wp\/v2\/posts\/8444","targetHints":{"allow":["GET"]}}],"collection":[{"href":"https:\/\/sven-ove.nu\/index.php?rest_route=\/wp\/v2\/posts"}],"about":[{"href":"https:\/\/sven-ove.nu\/index.php?rest_route=\/wp\/v2\/types\/post"}],"author":[{"embeddable":true,"href":"https:\/\/sven-ove.nu\/index.php?rest_route=\/wp\/v2\/users\/1"}],"replies":[{"embeddable":true,"href":"https:\/\/sven-ove.nu\/index.php?rest_route=%2Fwp%2Fv2%2Fcomments&post=8444"}],"version-history":[{"count":3,"href":"https:\/\/sven-ove.nu\/index.php?rest_route=\/wp\/v2\/posts\/8444\/revisions"}],"predecessor-version":[{"id":8447,"href":"https:\/\/sven-ove.nu\/index.php?rest_route=\/wp\/v2\/posts\/8444\/revisions\/8447"}],"wp:attachment":[{"href":"https:\/\/sven-ove.nu\/index.php?rest_route=%2Fwp%2Fv2%2Fmedia&parent=8444"}],"wp:term":[{"taxonomy":"category","embeddable":true,"href":"https:\/\/sven-ove.nu\/index.php?rest_route=%2Fwp%2Fv2%2Fcategories&post=8444"},{"taxonomy":"post_tag","embeddable":true,"href":"https:\/\/sven-ove.nu\/index.php?rest_route=%2Fwp%2Fv2%2Ftags&post=8444"}],"curies":[{"name":"wp","href":"https:\/\/api.w.org\/{rel}","templated":true}]}}