{"id":8448,"date":"2014-03-11T03:00:36","date_gmt":"2014-03-11T02:00:36","guid":{"rendered":"http:\/\/sven-ove.nu\/?p=8448"},"modified":"2014-03-10T22:05:01","modified_gmt":"2014-03-10T21:05:01","slug":"40-000-marken-som-satter-igang-samtal","status":"publish","type":"post","link":"https:\/\/sven-ove.nu\/?p=8448","title":{"rendered":"40 000 m\u00e4rken som s\u00e4tter ig\u00e5ng samtal"},"content":{"rendered":"<p><a href=\"https:\/\/sven-ove.nu\/wp-content\/uploads\/2014\/03\/Varf\u00f6r-s\u00e4ger-du-s\u00e5.jpg\"><img loading=\"lazy\" decoding=\"async\" class=\"size-full wp-image-8450 alignright\" alt=\"Varf\u00f6r s\u00e4ger du s\u00e5\" src=\"https:\/\/sven-ove.nu\/wp-content\/uploads\/2014\/03\/Varf\u00f6r-s\u00e4ger-du-s\u00e5.jpg\" width=\"263\" height=\"258\" \/><\/a>I dag har jag inte skrivit hela inl\u00e4gget sj\u00e4lv. Citatet kommer fr\u00e5n facebooksidan <a href=\"https:\/\/www.facebook.com\/VarforSagerDuSa\">Varf\u00f6r s\u00e4ger du s\u00e5?<\/a> En partipolitiskt obunden kampanj f\u00f6r m\u00e5ngfald och mot fr\u00e4mlingsfientlighet. Det st\u00e5r s\u00e5 p\u00e5 rockslagsm\u00e4rkena de sprider:<\/p>\n<p style=\"padding-left: 30px;\"><b>Varf\u00f6r s\u00e4ger du s\u00e5?<\/b><\/p>\n<p>Facebooksidan ber\u00e4ttar mer:<\/p>\n<p style=\"padding-left: 30px;\"><i>\u201dI en tid av h\u00f6g arbetsl\u00f6shet, f\u00f6rs\u00e4mrade skolresultat och \u00f6kat utanf\u00f6rskap, m\u00e4rker vi i v\u00e5ra bes\u00f6k p\u00e5 arbetsplatser, i skolor och i andra organisationer att det finns en f\u00f6r\u00e4ndrad attityd. Fr\u00e4mlingsfientliga \u00e5sikter \u00e4r inte ovanliga, utan de finns st\u00e4ndigt runt omkring oss.<\/i><i>\u00a0<\/i><\/p>\n<p style=\"padding-left: 30px;\"><i>De ekonomiska och sociala klyftorna v\u00e4xer och m\u00e4nniskor k\u00e4nner sig utsatta och s\u00f6ker syndabockar. R\u00e4dsla kan ofta fungera som en stark drivkraft f\u00f6r rasism och fr\u00e4mlingsfientlighet och den m\u00e5ste vi tillsammans bek\u00e4mpa. F\u00f6r hotet mot demokratin och mot enskilda m\u00e4nniskor kommer inte bara fr\u00e5n \u00f6vertygade h\u00f6gerextremister och rasister, utan ocks\u00e5 fr\u00e5n vanliga m\u00e4nniskors r\u00e4dsla och f\u00f6rdomar inf\u00f6r det annorlunda. Vi m\u00e5ste d\u00e4rf\u00f6r alla vara med och ta ansvar f\u00f6r utvecklingen. Alla kan g\u00f6ra n\u00e5got.<\/i><\/p>\n<p style=\"padding-left: 30px;\"><i>Det \u00e4r n\u00e4r \u00e5sikter st\u00e5r oemotsagda, de sprids som en sanning. H\u00e4r har alla m\u00f6jligheten att s\u00e4ga ifr\u00e5n n\u00e4r man h\u00f6r attityder som sprider f\u00f6rdomar. Visa ditt st\u00e4llningstagande genom att b\u00e4ra knappen och ifr\u00e5gas\u00e4tta. N\u00e4sta g\u00e5ng du h\u00f6r n\u00e5got r\u00e4cker det med en enkel fr\u00e5ga \u2013 Varf\u00f6r s\u00e4ger du s\u00e5?\u201d<\/i><\/p>\n<p>Snart har de delat ut 40 000 rockslagsm\u00e4rken i hela landet. Tanken \u00e4r att m\u00e4rkena ska s\u00e4tta ig\u00e5ng samtal. Den 3 februari 2012 lanserade LO, ABF och Socialdemokraterna i V\u00e4rmland sin kampanj mot fr\u00e4mlingsfientlighet. Det \u00e4r partidistriktets fackliga utskott som startat kampanjen och budskapet sprids nu \u00f6ver landet till f\u00f6retag och till organisationer b\u00e5de inom och utom arbetarr\u00f6relsen.<\/p>\n<p><b>D\u00e5 k\u00e4nde han att det var dags<br \/>\n<\/b><a href=\"https:\/\/sven-ove.nu\/wp-content\/uploads\/2014\/03\/Mejern-med-knappen-i-riksdagens-kammare.jpg\"><img loading=\"lazy\" decoding=\"async\" class=\"size-full wp-image-8454 alignright\" alt=\"Mejern med knappen i riksdagens kammare\" src=\"https:\/\/sven-ove.nu\/wp-content\/uploads\/2014\/03\/Mejern-med-knappen-i-riksdagens-kammare.jpg\" width=\"240\" height=\"240\" srcset=\"https:\/\/sven-ove.nu\/wp-content\/uploads\/2014\/03\/Mejern-med-knappen-i-riksdagens-kammare.jpg 240w, https:\/\/sven-ove.nu\/wp-content\/uploads\/2014\/03\/Mejern-med-knappen-i-riksdagens-kammare-150x150.jpg 150w\" sizes=\"auto, (max-width: 240px) 100vw, 240px\" \/><\/a>Initiativet kom fr\u00e5n <b>Lars Mejern Larsson<\/b>, byggnadsarbetare och numera riksdagsman som inte gl\u00f6mt vare sig eksh\u00e4radsm\u00e5let eller kampen mot fr\u00e4mlingsfientligheten. Han fick id\u00e9n efter att ha tr\u00e4ffat tidigare arbetskamrater som hade v\u00e4rderingar han inte k\u00e4nde igen. Mejern tyckte det var dags att ta diskussionen.<\/p>\n<p>&#8211; Ska du skriva om detta, s\u00e4ger Mejern n\u00e4r han ringer upp.\u00a0D\u00e5 \u00e4r det bra om du ber\u00e4ttar att det \u00e4r partipolitiskt obundet. Jag har sett folk med alla m\u00f6jliga politiska uppfattningar som burit knappen.<\/p>\n<p>&#8211; S\u00e5 vill vi att det ska vara, det var d\u00e4rf\u00f6r vi gjorde en knapp som alla kan b\u00e4ra, utan n\u00e5gra symboler.<\/p>\n<p style=\"padding-left: 30px;\"><b>1997 var jag p\u00e5 studieresa till Auschwitz tillsammans med Mejern och m\u00e5nga andra folkr\u00f6relsem\u00e4nniskor. N\u00e4r vi skulle l\u00e4gga ner blommor fr\u00e5n gruppen h\u00f6ll han minnestalet. K\u00e4rnfullare minnestal har s\u00e4llan h\u00f6rts vid den avr\u00e4ttningsplatsen:<\/b><b>\u00a0 \u00a0 \u00a0 \u00a0 \u00a0 \u00a0 \u00a0 \u00a0 \u00a0 \u00a0 \u00a0 \u00a0 \u00a0 \u00a0 \u00a0 \u00a0 \u00a0 \u00a0 \u00a0 \u00a0 \u00a0 \u00a0\u00a0<\/b><\/p>\n<p style=\"padding-left: 30px;\"><b>&#8211; D\u00e4 h\u00e4r, d\u00e4 gl\u00f6mmer ve aldri.<\/b><\/p>\n<p>I tystnaden efter\u00e5t f\u00f6ljde den meningen oss l\u00e4nge.<\/p>\n","protected":false},"excerpt":{"rendered":"<p>I dag har jag inte skrivit hela inl\u00e4gget sj\u00e4lv. Citatet kommer fr\u00e5n facebooksidan Varf\u00f6r s\u00e4ger du s\u00e5? En partipolitiskt obunden kampanj f\u00f6r m\u00e5ngfald och mot fr\u00e4mlingsfientlighet. Det st\u00e5r s\u00e5 p\u00e5 rockslagsm\u00e4rkena de sprider: Varf\u00f6r s\u00e4ger du s\u00e5? Facebooksidan ber\u00e4ttar mer: \u201dI en tid av h\u00f6g arbetsl\u00f6shet, f\u00f6rs\u00e4mrade skolresultat och \u00f6kat utanf\u00f6rskap, m\u00e4rker vi i v\u00e5ra &hellip; <a href=\"https:\/\/sven-ove.nu\/?p=8448\" class=\"more-link\">Forts\u00e4tt l\u00e4sa <span class=\"screen-reader-text\">40 000 m\u00e4rken som s\u00e4tter ig\u00e5ng samtal<\/span><\/a><\/p>\n","protected":false},"author":1,"featured_media":0,"comment_status":"open","ping_status":"open","sticky":false,"template":"","format":"standard","meta":{"_crdt_document":"","_monsterinsights_skip_tracking":false,"_monsterinsights_sitenote_active":false,"_monsterinsights_sitenote_note":"","_monsterinsights_sitenote_category":0,"footnotes":""},"categories":[9],"tags":[17],"class_list":["post-8448","post","type-post","status-publish","format-standard","hentry","category-politik","tag-solidaritet"],"_links":{"self":[{"href":"https:\/\/sven-ove.nu\/index.php?rest_route=\/wp\/v2\/posts\/8448","targetHints":{"allow":["GET"]}}],"collection":[{"href":"https:\/\/sven-ove.nu\/index.php?rest_route=\/wp\/v2\/posts"}],"about":[{"href":"https:\/\/sven-ove.nu\/index.php?rest_route=\/wp\/v2\/types\/post"}],"author":[{"embeddable":true,"href":"https:\/\/sven-ove.nu\/index.php?rest_route=\/wp\/v2\/users\/1"}],"replies":[{"embeddable":true,"href":"https:\/\/sven-ove.nu\/index.php?rest_route=%2Fwp%2Fv2%2Fcomments&post=8448"}],"version-history":[{"count":5,"href":"https:\/\/sven-ove.nu\/index.php?rest_route=\/wp\/v2\/posts\/8448\/revisions"}],"predecessor-version":[{"id":8472,"href":"https:\/\/sven-ove.nu\/index.php?rest_route=\/wp\/v2\/posts\/8448\/revisions\/8472"}],"wp:attachment":[{"href":"https:\/\/sven-ove.nu\/index.php?rest_route=%2Fwp%2Fv2%2Fmedia&parent=8448"}],"wp:term":[{"taxonomy":"category","embeddable":true,"href":"https:\/\/sven-ove.nu\/index.php?rest_route=%2Fwp%2Fv2%2Fcategories&post=8448"},{"taxonomy":"post_tag","embeddable":true,"href":"https:\/\/sven-ove.nu\/index.php?rest_route=%2Fwp%2Fv2%2Ftags&post=8448"}],"curies":[{"name":"wp","href":"https:\/\/api.w.org\/{rel}","templated":true}]}}