{"id":8457,"date":"2014-03-14T03:00:46","date_gmt":"2014-03-14T02:00:46","guid":{"rendered":"http:\/\/sven-ove.nu\/?p=8457"},"modified":"2014-03-09T15:31:33","modified_gmt":"2014-03-09T14:31:33","slug":"tanker-ingen-tranare-pa-kvinnorna-i-lopvagen","status":"publish","type":"post","link":"https:\/\/sven-ove.nu\/?p=8457","title":{"rendered":"T\u00e4nker ingen tr\u00e4nare p\u00e5 kvinnorna i l\u00f6pv\u00e5gen?"},"content":{"rendered":"<p><a href=\"https:\/\/sven-ove.nu\/wp-content\/uploads\/2014\/03\/Alla-kan-tr\u00e4na-om-kvinnor-och-tr\u00e4ningsprogram.jpg\"><img loading=\"lazy\" decoding=\"async\" class=\"size-medium wp-image-8458 alignright\" alt=\"Alla kan tr\u00e4na om kvinnor och tr\u00e4ningsprogram\" src=\"https:\/\/sven-ove.nu\/wp-content\/uploads\/2014\/03\/Alla-kan-tr\u00e4na-om-kvinnor-och-tr\u00e4ningsprogram-300x127.jpg\" width=\"300\" height=\"127\" srcset=\"https:\/\/sven-ove.nu\/wp-content\/uploads\/2014\/03\/Alla-kan-tr\u00e4na-om-kvinnor-och-tr\u00e4ningsprogram-300x127.jpg 300w, https:\/\/sven-ove.nu\/wp-content\/uploads\/2014\/03\/Alla-kan-tr\u00e4na-om-kvinnor-och-tr\u00e4ningsprogram.jpg 980w\" sizes=\"auto, (max-width: 300px) 100vw, 300px\" \/><\/a>\u00c4ntligen n\u00e5gon som t\u00e4nker, skrev jag som kommentar till det h\u00e4r kloka inl\u00e4gget om kvinnor och tr\u00e4ningsprogram. Programmen \u00e4r alltid skrivna f\u00f6r m\u00e4n, n\u00e4mligen.<\/p>\n<p>T\u00e4nker \u00e4r det fler som g\u00f6r, kommenterade n\u00e5gon. Det \u00e4r bara det att Ida har skrivit ner deras tankar.<\/p>\n<p>Sant. L\u00e4s.<br \/>\n<strong>Alla kan tr\u00e4na:\u00a0<a href=\"http:\/\/allakantrana.se\/kvinnigt-perspektiv-pa-att-folja-traningsprogram-dagen-till-ara\/\">Kvinnligt perspektiv p\u00e5 att f\u00f6lja tr\u00e4ningsprogram<\/a><\/strong><\/p>\n","protected":false},"excerpt":{"rendered":"<p>\u00c4ntligen n\u00e5gon som t\u00e4nker, skrev jag som kommentar till det h\u00e4r kloka inl\u00e4gget om kvinnor och tr\u00e4ningsprogram. Programmen \u00e4r alltid skrivna f\u00f6r m\u00e4n, n\u00e4mligen. T\u00e4nker \u00e4r det fler som g\u00f6r, kommenterade n\u00e5gon. Det \u00e4r bara det att Ida har skrivit ner deras tankar. Sant. L\u00e4s. Alla kan tr\u00e4na:\u00a0Kvinnligt perspektiv p\u00e5 att f\u00f6lja tr\u00e4ningsprogram<\/p>\n","protected":false},"author":1,"featured_media":0,"comment_status":"open","ping_status":"open","sticky":false,"template":"","format":"standard","meta":{"_crdt_document":"","_monsterinsights_skip_tracking":false,"_monsterinsights_sitenote_active":false,"_monsterinsights_sitenote_note":"","_monsterinsights_sitenote_category":0,"footnotes":""},"categories":[5],"tags":[16,24,18,20],"class_list":["post-8457","post","type-post","status-publish","format-standard","hentry","category-lopning","tag-dumheter","tag-karlek","tag-lardomar","tag-rad"],"_links":{"self":[{"href":"https:\/\/sven-ove.nu\/index.php?rest_route=\/wp\/v2\/posts\/8457","targetHints":{"allow":["GET"]}}],"collection":[{"href":"https:\/\/sven-ove.nu\/index.php?rest_route=\/wp\/v2\/posts"}],"about":[{"href":"https:\/\/sven-ove.nu\/index.php?rest_route=\/wp\/v2\/types\/post"}],"author":[{"embeddable":true,"href":"https:\/\/sven-ove.nu\/index.php?rest_route=\/wp\/v2\/users\/1"}],"replies":[{"embeddable":true,"href":"https:\/\/sven-ove.nu\/index.php?rest_route=%2Fwp%2Fv2%2Fcomments&post=8457"}],"version-history":[{"count":3,"href":"https:\/\/sven-ove.nu\/index.php?rest_route=\/wp\/v2\/posts\/8457\/revisions"}],"predecessor-version":[{"id":8482,"href":"https:\/\/sven-ove.nu\/index.php?rest_route=\/wp\/v2\/posts\/8457\/revisions\/8482"}],"wp:attachment":[{"href":"https:\/\/sven-ove.nu\/index.php?rest_route=%2Fwp%2Fv2%2Fmedia&parent=8457"}],"wp:term":[{"taxonomy":"category","embeddable":true,"href":"https:\/\/sven-ove.nu\/index.php?rest_route=%2Fwp%2Fv2%2Fcategories&post=8457"},{"taxonomy":"post_tag","embeddable":true,"href":"https:\/\/sven-ove.nu\/index.php?rest_route=%2Fwp%2Fv2%2Ftags&post=8457"}],"curies":[{"name":"wp","href":"https:\/\/api.w.org\/{rel}","templated":true}]}}