{"id":8461,"date":"2014-03-13T03:00:54","date_gmt":"2014-03-13T02:00:54","guid":{"rendered":"http:\/\/sven-ove.nu\/?p=8461"},"modified":"2014-03-26T08:02:49","modified_gmt":"2014-03-26T07:02:49","slug":"antirasistiska-faq-del-3","status":"publish","type":"post","link":"https:\/\/sven-ove.nu\/?p=8461","title":{"rendered":"Antirasistiska FAQ (del 3)"},"content":{"rendered":"<p><a href=\"https:\/\/sven-ove.nu\/wp-content\/uploads\/2013\/12\/Allas-v\u00e5rt-land.jpg\"><img loading=\"lazy\" decoding=\"async\" class=\"alignleft size-large wp-image-7966\" alt=\"Allas v\u00e5rt land\" src=\"https:\/\/sven-ove.nu\/wp-content\/uploads\/2013\/12\/Allas-v\u00e5rt-land-1024x795.jpg\" width=\"640\" height=\"496\" srcset=\"https:\/\/sven-ove.nu\/wp-content\/uploads\/2013\/12\/Allas-v\u00e5rt-land-1024x795.jpg 1024w, https:\/\/sven-ove.nu\/wp-content\/uploads\/2013\/12\/Allas-v\u00e5rt-land-300x233.jpg 300w, https:\/\/sven-ove.nu\/wp-content\/uploads\/2013\/12\/Allas-v\u00e5rt-land.jpg 1537w\" sizes=\"auto, (max-width: 640px) 100vw, 640px\" \/><\/a><\/p>\n<p><b>Borde inte den som flyttar hit f\u00e5 lov att l\u00e4ra sig svenska seder?<br \/>\n<\/b>N\u00e4mn en. Tror du pizzan, tacosen och sushin ocks\u00e5 \u00e4r svenska?<\/p>\n<p>Eller <a href=\"http:\/\/www.alltomvetenskap.se\/nyheter\/vem-uppfann-snoskotern\">sn\u00f6skotern<\/a>.<\/p>\n<p><b>Det finns v\u00e4l andra seder \u00e4n v\u00e5ra ursvenska matr\u00e4tter. Borde de inte l\u00e4ra sig fira v\u00e5ra svenska h\u00f6gtider \u00e5tminstone?<br \/>\n<\/b>N\u00e4mn en.<\/p>\n<p style=\"padding-left: 30px;\"><em>Jul firar vi p\u00e5 grund av en lycklig f\u00f6delse i Nasaret. Firandet g\u00e5r till s\u00e5 att vi tar in en gran (tysk-schweizisk-fransk sed), kl\u00e4r ut far till stor och tjock tomte (efter en sn\u00e4ll turk) och tittar p\u00e5 en arg tecknad anka p\u00e5 tv (amerikansk sj\u00f6mansanka utan kl\u00e4der p\u00e5 underkroppen).<\/em><\/p>\n<p style=\"padding-left: 30px;\"><em>Ny\u00e5r firar vi p\u00e5 grund av den gregorianska kalendern, f\u00f6reslagen av Aloysius Lilius och antagen i Rom 1582. Vi tog hit den senare (1753), men n\u00e5gon svensk almanacka \u00e4r det inte.<\/em><\/p>\n<p style=\"padding-left: 30px;\"><em>V\u00e5rt p\u00e5skfirande b\u00f6rjade med en romersk avr\u00e4ttning i Jerusalem. Valborg var en anglosaxisk furstedotter som blev helgon i Tyskland. F\u00f6rsta maj b\u00f6rjade som ett amerikanskt f\u00f6rslag vid en kongress i Paris. Pingsten \u00e4r lika importerad den. Trevlig som de andra helgerna, jag tycker om dem allihop utom halloween, men importerade \u00e4r de.<\/em><\/p>\n<p style=\"padding-left: 30px;\"><em>Alla helgons dag? F\u00f6r all del, n\u00e5got enda helgon har pratat svenska men resten \u00e4r fr\u00e4mmat folk, fr\u00e5n l\u00e5ngt bortanf\u00f6r din sockengr\u00e4ns. Halloween \u00e4r en irl\u00e4ndsk helg som k\u00f6pm\u00e4nnen tog hit fr\u00e5n Amerika.<\/em><\/p>\n<p style=\"padding-left: 30px;\"><em><b>Enda svenska h\u00f6gtiden?<br \/>\n<\/b><a href=\"https:\/\/sven-ove.nu\/wp-content\/uploads\/2013\/12\/Allas-v\u00e5rt-land.jpg\"><img loading=\"lazy\" decoding=\"async\" class=\"size-thumbnail wp-image-7966 alignright\" alt=\"Allas v\u00e5rt land\" src=\"https:\/\/sven-ove.nu\/wp-content\/uploads\/2013\/12\/Allas-v\u00e5rt-land-150x150.jpg\" width=\"150\" height=\"150\" \/><\/a>Svenska h\u00f6gtider s\u00e4ger du. Riktigt svensk \u00e4r bara midsommaren, d\u00e5 vi dansar i ring runt en stor fallossymbol i varenda by. Du tycker allts\u00e5 att varje godk\u00e4nd inflyttning till v\u00e5rt land kr\u00e4ver att personen ifr\u00e5ga l\u00e4r sig \u00e4lska att hoppa groddjur mitt p\u00e5 ljusa dagen runt en tr\u00e4kuk? En stor l\u00f6vad tr\u00e4kuk? Och detta har du byggt ett politiskt parti kring?<\/em><\/p>\n<p style=\"padding-left: 30px;\"><em>Vita kr\u00e4nkta tr\u00e4kukspartiet.\u00a0<\/em><\/p>\n<p style=\"padding-left: 30px;\"><em>D\u00e5 vill jag tipsa dig om att det finns ett parti till som \u00e4r d\u00f6pt efter en h\u00f6gtid svenska folket firar. <a href=\"http:\/\/www.val.se\/val\/val2010\/slutresultat\/R\/rike\/index.html\">Kalle Anka-partiet<\/a>, k\u00e4nner du till det? Ni kanske kan samverka i valet, nu n\u00e4r du vet? F\u00f6rs\u00f6k f\u00e5 honom att ta p\u00e5 sig byxor i s\u00e5 fall, \u00e4r du sn\u00e4ll.<\/em><\/p>\n<p style=\"padding-left: 30px;\"><em>Det \u00e4r s\u00e5 osvenskt med bar stj\u00e4rt p\u00e5 allm\u00e4n plats.<\/em><\/p>\n<p><b>L\u00e4nkar:<\/b><br \/>\n<a href=\"https:\/\/sven-ove.nu\/?p=8371\">Antirasistiska FAQ (del 1)<\/a><span style=\"text-decoration: underline;\"><br \/>\n<\/span><a href=\"https:\/\/sven-ove.nu\/?p=8418\">Antirasistiska FAQ (del 2)<\/a><\/p>\n","protected":false},"excerpt":{"rendered":"<p>Borde inte den som flyttar hit f\u00e5 lov att l\u00e4ra sig svenska seder? N\u00e4mn en. Tror du pizzan, tacosen och sushin ocks\u00e5 \u00e4r svenska? Eller sn\u00f6skotern. Det finns v\u00e4l andra seder \u00e4n v\u00e5ra ursvenska matr\u00e4tter. Borde de inte l\u00e4ra sig fira v\u00e5ra svenska h\u00f6gtider \u00e5tminstone? N\u00e4mn en. Jul firar vi p\u00e5 grund av en lycklig &hellip; <a href=\"https:\/\/sven-ove.nu\/?p=8461\" class=\"more-link\">Forts\u00e4tt l\u00e4sa <span class=\"screen-reader-text\">Antirasistiska FAQ (del 3)<\/span><\/a><\/p>\n","protected":false},"author":1,"featured_media":0,"comment_status":"open","ping_status":"open","sticky":false,"template":"","format":"standard","meta":{"_crdt_document":"","_monsterinsights_skip_tracking":false,"_monsterinsights_sitenote_active":false,"_monsterinsights_sitenote_note":"","_monsterinsights_sitenote_category":0,"footnotes":""},"categories":[9],"tags":[18],"class_list":["post-8461","post","type-post","status-publish","format-standard","hentry","category-politik","tag-lardomar"],"_links":{"self":[{"href":"https:\/\/sven-ove.nu\/index.php?rest_route=\/wp\/v2\/posts\/8461","targetHints":{"allow":["GET"]}}],"collection":[{"href":"https:\/\/sven-ove.nu\/index.php?rest_route=\/wp\/v2\/posts"}],"about":[{"href":"https:\/\/sven-ove.nu\/index.php?rest_route=\/wp\/v2\/types\/post"}],"author":[{"embeddable":true,"href":"https:\/\/sven-ove.nu\/index.php?rest_route=\/wp\/v2\/users\/1"}],"replies":[{"embeddable":true,"href":"https:\/\/sven-ove.nu\/index.php?rest_route=%2Fwp%2Fv2%2Fcomments&post=8461"}],"version-history":[{"count":6,"href":"https:\/\/sven-ove.nu\/index.php?rest_route=\/wp\/v2\/posts\/8461\/revisions"}],"predecessor-version":[{"id":8559,"href":"https:\/\/sven-ove.nu\/index.php?rest_route=\/wp\/v2\/posts\/8461\/revisions\/8559"}],"wp:attachment":[{"href":"https:\/\/sven-ove.nu\/index.php?rest_route=%2Fwp%2Fv2%2Fmedia&parent=8461"}],"wp:term":[{"taxonomy":"category","embeddable":true,"href":"https:\/\/sven-ove.nu\/index.php?rest_route=%2Fwp%2Fv2%2Fcategories&post=8461"},{"taxonomy":"post_tag","embeddable":true,"href":"https:\/\/sven-ove.nu\/index.php?rest_route=%2Fwp%2Fv2%2Ftags&post=8461"}],"curies":[{"name":"wp","href":"https:\/\/api.w.org\/{rel}","templated":true}]}}