{"id":8473,"date":"2014-03-12T03:00:05","date_gmt":"2014-03-12T02:00:05","guid":{"rendered":"http:\/\/sven-ove.nu\/?p=8473"},"modified":"2014-03-11T11:25:02","modified_gmt":"2014-03-11T10:25:02","slug":"morka-krafter-och-ljusa","status":"publish","type":"post","link":"https:\/\/sven-ove.nu\/?p=8473","title":{"rendered":"M\u00f6rka krafter och ljusa"},"content":{"rendered":"<p><i>I g\u00e5r morse:<br \/>\n<\/i>Vackraste morgonhimlen p\u00e5 l\u00e4nge, funderar p\u00e5 att ringa henne som samlar p\u00e5 dem. Is p\u00e5 bilrutorna n\u00e4r jag h\u00e4mtar tidningen. Morgontidningen har bekymmer med att Leif GW ska sluta med programmet Veckans brott. Det har jag med, men det finns st\u00f6rre problem.<\/p>\n<p>Nere i Malm\u00f6 k\u00e4mpar <a href=\"http:\/\/www.mff.se\/Aktuellt\/Nyheter\/2014-03-10_showan#.Ux3uqq-10Og.facebook\">en medm\u00e4nniska<\/a> f\u00f6r sitt liv, nerstucken av nazister.<\/p>\n<p>I n\u00f6den pr\u00f6vas v\u00e4nnen, sa farmor. Det \u00e4r i tider som dessa vi alla pr\u00f6vas. Detta t\u00e4nker jag p\u00e5 medan bokst\u00e4ver formas till ord i min jobbdator. Vardagen m\u00e5ste g\u00e5 vidare, sakta v\u00e4xer en ny webbplats fram. Hoppas den blir till hj\u00e4lp.<\/p>\n<p>De stolta parollerna har sin tid, just nu beh\u00f6vs de. V\u00e4nnerna som pr\u00f6vades \u2013 s\u00e5 gl\u00e4djande att de blev s\u00e5 m\u00e5nga, i protest mot det nazistiska v\u00e5ldet, b\u00e5de efter K\u00e4rrtorp och Malm\u00f6. Demonstrationer p\u00e5 skolg\u00e5rdar, gator och torg. En antirasistisk grupp p\u00e5 facebook d\u00e4r jag \u00e4r aktiv v\u00e4xer hela tiden och samtalet d\u00e4r l\u00e4r mig nya saker varje dag.<\/p>\n<p><i>I dag:<br \/>\n<\/i>Vardagen finns den med. S\u00e5 mycken fin arbetsdelning, s\u00e5 vacker, all denna samverkan f\u00f6r att min frukost ska st\u00e5 p\u00e5 bordet \u00e4nnu en morgon. Hela v\u00e4rlden har hj\u00e4lpt till. De som gjorde kaffekannan, kvinnan som mj\u00f6lkade kon, mannen som paketerade min blodtrycksmedicin.<\/p>\n<p>Vardag. Varenda dag.<br \/>\nDen \u00e4r i dag.<br \/>\nJag tycker om den.<\/p>\n","protected":false},"excerpt":{"rendered":"<p>I g\u00e5r morse: Vackraste morgonhimlen p\u00e5 l\u00e4nge, funderar p\u00e5 att ringa henne som samlar p\u00e5 dem. Is p\u00e5 bilrutorna n\u00e4r jag h\u00e4mtar tidningen. Morgontidningen har bekymmer med att Leif GW ska sluta med programmet Veckans brott. Det har jag med, men det finns st\u00f6rre problem. Nere i Malm\u00f6 k\u00e4mpar en medm\u00e4nniska f\u00f6r sitt liv, nerstucken &hellip; <a href=\"https:\/\/sven-ove.nu\/?p=8473\" class=\"more-link\">Forts\u00e4tt l\u00e4sa <span class=\"screen-reader-text\">M\u00f6rka krafter och ljusa<\/span><\/a><\/p>\n","protected":false},"author":1,"featured_media":0,"comment_status":"open","ping_status":"open","sticky":false,"template":"","format":"standard","meta":{"_crdt_document":"","_monsterinsights_skip_tracking":false,"_monsterinsights_sitenote_active":false,"_monsterinsights_sitenote_note":"","_monsterinsights_sitenote_category":0,"footnotes":""},"categories":[10,9],"tags":[8,24,18,26,17],"class_list":["post-8473","post","type-post","status-publish","format-standard","hentry","category-familjen","category-politik","tag-historia","tag-karlek","tag-lardomar","tag-natur-2","tag-solidaritet"],"_links":{"self":[{"href":"https:\/\/sven-ove.nu\/index.php?rest_route=\/wp\/v2\/posts\/8473","targetHints":{"allow":["GET"]}}],"collection":[{"href":"https:\/\/sven-ove.nu\/index.php?rest_route=\/wp\/v2\/posts"}],"about":[{"href":"https:\/\/sven-ove.nu\/index.php?rest_route=\/wp\/v2\/types\/post"}],"author":[{"embeddable":true,"href":"https:\/\/sven-ove.nu\/index.php?rest_route=\/wp\/v2\/users\/1"}],"replies":[{"embeddable":true,"href":"https:\/\/sven-ove.nu\/index.php?rest_route=%2Fwp%2Fv2%2Fcomments&post=8473"}],"version-history":[{"count":5,"href":"https:\/\/sven-ove.nu\/index.php?rest_route=\/wp\/v2\/posts\/8473\/revisions"}],"predecessor-version":[{"id":8478,"href":"https:\/\/sven-ove.nu\/index.php?rest_route=\/wp\/v2\/posts\/8473\/revisions\/8478"}],"wp:attachment":[{"href":"https:\/\/sven-ove.nu\/index.php?rest_route=%2Fwp%2Fv2%2Fmedia&parent=8473"}],"wp:term":[{"taxonomy":"category","embeddable":true,"href":"https:\/\/sven-ove.nu\/index.php?rest_route=%2Fwp%2Fv2%2Fcategories&post=8473"},{"taxonomy":"post_tag","embeddable":true,"href":"https:\/\/sven-ove.nu\/index.php?rest_route=%2Fwp%2Fv2%2Ftags&post=8473"}],"curies":[{"name":"wp","href":"https:\/\/api.w.org\/{rel}","templated":true}]}}