{"id":8483,"date":"2014-03-15T03:00:09","date_gmt":"2014-03-15T02:00:09","guid":{"rendered":"http:\/\/sven-ove.nu\/?p=8483"},"modified":"2014-03-14T07:16:50","modified_gmt":"2014-03-14T06:16:50","slug":"8483","status":"publish","type":"post","link":"https:\/\/sven-ove.nu\/?p=8483","title":{"rendered":"Heja r\u00f6da gr\u00f6na bladet"},"content":{"rendered":"<p><a href=\"https:\/\/sven-ove.nu\/wp-content\/uploads\/2014\/03\/Ny-r\u00f6dgr\u00f6n-dagstidning.jpg\"><img loading=\"lazy\" decoding=\"async\" class=\"size-medium wp-image-8487 alignleft\" alt=\"Ny r\u00f6dgr\u00f6n dagstidning\" src=\"https:\/\/sven-ove.nu\/wp-content\/uploads\/2014\/03\/Ny-r\u00f6dgr\u00f6n-dagstidning-225x300.jpg\" width=\"225\" height=\"300\" srcset=\"https:\/\/sven-ove.nu\/wp-content\/uploads\/2014\/03\/Ny-r\u00f6dgr\u00f6n-dagstidning-225x300.jpg 225w, https:\/\/sven-ove.nu\/wp-content\/uploads\/2014\/03\/Ny-r\u00f6dgr\u00f6n-dagstidning-768x1024.jpg 768w, https:\/\/sven-ove.nu\/wp-content\/uploads\/2014\/03\/Ny-r\u00f6dgr\u00f6n-dagstidning.jpg 1200w\" sizes=\"auto, (max-width: 225px) 100vw, 225px\" \/><\/a>Fredag kv\u00e4ll och Leonard Cohen smeker trumhinnorna medan en analys i <a href=\"http:\/\/www.etc.se\">Dagens ETC<\/a> st\u00f6kar runt i mina hj\u00e4rnvindlingar. Den handlar om Ukraina och \u00e4r n\u00e5gra dagar gammal.<\/p>\n<p style=\"padding-left: 30px;\"><b>Jag tycker om att ett g\u00e4ng tokstollar v\u00e5gar sig p\u00e5 att ge ut en ny r\u00f6dgr\u00f6n dagstidning tryckt p\u00e5 papper \u00e5r 2014. Den har redan \u00f6ver 7 000 prenumeranter och n\u00e5r 53 000 l\u00e4sare varje dag, l\u00e4ser jag. <\/b><\/p>\n<p style=\"padding-left: 30px;\"><b>Det sista beror f\u00f6rst\u00e5s p\u00e5 att den finns p\u00e5 n\u00e4tet med.<\/b><\/p>\n<p>Mitt f\u00f6rsta prenumerantexemplar kom i brevl\u00e5dan den 4 mars. Jag m\u00e5ste erk\u00e4nna att jag tyckte tidningen s\u00e5g ut som en \u00f6vningstidning p\u00e5 Journalisth\u00f6gskolan, p\u00e5 den tiden det begav sig. V\u00e4lment och valh\u00e4nt. De som redigerat de olika sidorna verkade inte ha pratat med varandra, layouten for hit och dit. Bildmaterialet, som ofta varit sp\u00e4nnande i ETC:s olika publikationer, var tr\u00f6tt.<\/p>\n<p>Det har blivit b\u00e4ttre med bilderna och den h\u00e4r l\u00e4saren v\u00e4njer sig sakta vid hur tidningen ser ut. S\u00e5 d\u00e4r som det ofta blir n\u00e4r ny formgivning drabbar en. Fast nog \u00e4r layouten fortfarande r\u00f6rig stundtals. Ibland k\u00e4nns det som om vissa redigerare bara sett sin tidning p\u00e5 sk\u00e4rm men aldrig p\u00e5 papper. Det blir on\u00f6digt stora rubriker ibland, omotiverat spati\u00f6sa bilder. En del av dem fortfarande platta genrebilder utan m\u00e4nskligt liv.<\/p>\n<p>Ibland.<br \/>\nMen det g\u00e5r fram\u00e5t.<\/p>\n<p style=\"padding-left: 30px;\"><b>N\u00e4r det g\u00e4ller inneh\u00e5llet har jag retat mig p\u00e5 hur tidningen ser p\u00e5 det ryska int\u00e5get i Ukraina. Visst bryr jag mig om ifall det finns homofober och h\u00f6gerextrema krafter i den nya regeringen i Ukraina. F\u00f6rvisso. Men \u00e4r det inte den ryska invasionen av Krim som \u00e4r huvudfr\u00e5gan? Putin kr\u00e4nker landets suver\u00e4nitet och h\u00e5ller p\u00e5 och stj\u00e4l en hel halv\u00f6 av ett grannland just nu. D\u00e5 vill inte jag att en hederlig r\u00f6dgr\u00f6n tidning ska st\u00e5 vid sidan och lugnt se p\u00e5.<\/b><\/p>\n<p><a href=\"https:\/\/sven-ove.nu\/wp-content\/uploads\/2014\/03\/Tar-inte-st\u00e4llning.jpg\"><img loading=\"lazy\" decoding=\"async\" class=\"size-medium wp-image-8488 alignright\" alt=\"Tar inte st\u00e4llning\" src=\"https:\/\/sven-ove.nu\/wp-content\/uploads\/2014\/03\/Tar-inte-st\u00e4llning-300x225.jpg\" width=\"300\" height=\"225\" srcset=\"https:\/\/sven-ove.nu\/wp-content\/uploads\/2014\/03\/Tar-inte-st\u00e4llning-300x225.jpg 300w, https:\/\/sven-ove.nu\/wp-content\/uploads\/2014\/03\/Tar-inte-st\u00e4llning-1024x768.jpg 1024w, https:\/\/sven-ove.nu\/wp-content\/uploads\/2014\/03\/Tar-inte-st\u00e4llning.jpg 1600w\" sizes=\"auto, (max-width: 300px) 100vw, 300px\" \/><\/a>I min l\u00e4svr\u00e5 forts\u00e4tter Leonard Cohen sin ber\u00e4ttelse om partisaner, om framtiden, om demokrati och om miraklet han v\u00e4ntar p\u00e5. Stilla glider en fredagstimme fram, medan jag v\u00e4ntar p\u00e5 ett efterl\u00e4ngtat bes\u00f6k. I h\u00f6gen av Dagens ETC skriver grundaren Johan Ehrenberg och Sten Ljungberg om svensk v\u00e4lf\u00e4rd som inte alls \u00e4r r\u00e4ddad.<\/p>\n<p style=\"padding-left: 30px;\"><i>\u201dL\u00e5t oss j\u00e4mf\u00f6ra med BNP (BNP:s trend det vill s\u00e4ga vi tar bort stora upp- och nedg\u00e5ngar). Tittar vi p\u00e5 v\u00e4lf\u00e4rdsutgifterna s\u00e5 finns ingen \u00f6kning alls sen 1992. Det utvecklingen visar \u00e4r snarare att v\u00e4lf\u00e4rden har sv\u00e5rt att h\u00e4nga med andra sektorer av ekonomin, som andel av BNP. Efter 2008 sjunker det rentav.\u201d<\/i><\/p>\n<p style=\"padding-left: 30px;\"><i>\u201dDe flesta i Sverige tycker nog att en tv blivit billigare. D\u00e5 k\u00e4nner man att man f\u00e5tt det \u2019b\u00e4ttre\u2019. Medan de flesta nog samtidigt vet att varken sjuksk\u00f6terskan eller l\u00e4raren blivit billigare. En tj\u00e4nst, till exempel omsorg p\u00e5 \u00e4ldrev\u00e5rden, blir n\u00e4mligen alltid dyrare och dyrare n\u00e4r man j\u00e4mf\u00f6r med en vara. De flesta tj\u00e4nster har n\u00e4mligen den egenskapen att de i liten omfattning kan rationaliseras. Det klassiska exemplet \u00e4r att en konsert som tar tv\u00e5 timmar att spela inte kan rivas av p\u00e5 en timme. Det l\u00e5ter inget bra.\u201d<\/i><\/p>\n<p>Stina Berglund intervjuar \u00d6zz N\u00fbjen om hans nya f\u00f6rest\u00e4llning.<\/p>\n<p style=\"padding-left: 30px;\"><i>\u201d- N\u00e4r politikerna inte tar ansvar, n\u00e4r maktens m\u00e4n och kvinnor inte tar ansvar, n\u00e4r man ser att de beter sig som pajasar och media och journalister beter sig som clowner och bara vill frottera sig med makten. D\u00e5 blir politiken en fars och vem kan farsen b\u00e4st? Jo, vi komiker.\u201d<\/i><\/p>\n<p>I avdelningen Oviktigt i veckan ber\u00e4ttar ETC att <i>\u201dDet \u00e4r f\u00f6rbjudet att knuffa en \u00e4lg ur ett flygplan i Alaska\u201d<\/i>.<\/p>\n<p><b>F\u00f6rv\u00e5na mig, reta mig<br \/>\n<\/b>Det kanske tar sig, det r\u00f6da gr\u00f6na bladet. En aning mer humor skulle inte skada men projektet beh\u00f6vs n\u00e4r svensk arbetarr\u00f6relse betett sig s\u00e5 aningsl\u00f6st med sina medier det sista halvseklet.<\/p>\n<p style=\"padding-left: 30px;\"><b>Tv\u00e5 saker sak beg\u00e4r jag av en bra publikation. Den ska f\u00f6rv\u00e5na mig regelbundet. Den ska g\u00f6ra mig uppr\u00f6rd n\u00e5gon g\u00e5ng s\u00e5 jag slipper h\u00e5lla med hela tiden.<\/b><\/p>\n<p>Jag vill g\u00e4rna tro att de n\u00e5r dit. Precis som jag sj\u00e4lv beh\u00f6ver byta till en kraftfullare spellista strax. Vad var det ETC kallade Simon &amp; Garfunkel f\u00f6r m\u00e5nga \u00e5r sedan? \u201dRockens folkpartister\u201d. Snart b\u00f6rjar Cohen k\u00e4nnas likadan, den h\u00e4r kv\u00e4llen. Ge mig en gitarr som spr\u00e4tter skit.<\/p>\n<p>V\u00e4nta \u2013 nu kommer v\u00e5rt bes\u00f6k.<br \/>\n&#8211; Hejsan!<\/p>\n<p style=\"padding-left: 30px;\">*<\/p>\n<p><em>Ett tips f\u00f6r dig som \u00e4r i Karlstad under l\u00f6rdagen:<\/em><br \/>\n<em><a href=\"http:\/\/varmlandmotkarnkraft.se\/?p=669\">Manifestation mot k\u00e4rnkraft p\u00e5 Soltorget i Karlstad l\u00f6rdag 15 mars<\/a><\/em><\/p>\n","protected":false},"excerpt":{"rendered":"<p>Fredag kv\u00e4ll och Leonard Cohen smeker trumhinnorna medan en analys i Dagens ETC st\u00f6kar runt i mina hj\u00e4rnvindlingar. Den handlar om Ukraina och \u00e4r n\u00e5gra dagar gammal. Jag tycker om att ett g\u00e4ng tokstollar v\u00e5gar sig p\u00e5 att ge ut en ny r\u00f6dgr\u00f6n dagstidning tryckt p\u00e5 papper \u00e5r 2014. Den har redan \u00f6ver 7 000 &hellip; <a href=\"https:\/\/sven-ove.nu\/?p=8483\" class=\"more-link\">Forts\u00e4tt l\u00e4sa <span class=\"screen-reader-text\">Heja r\u00f6da gr\u00f6na bladet<\/span><\/a><\/p>\n","protected":false},"author":1,"featured_media":0,"comment_status":"open","ping_status":"open","sticky":false,"template":"","format":"standard","meta":{"_crdt_document":"","_monsterinsights_skip_tracking":false,"_monsterinsights_sitenote_active":false,"_monsterinsights_sitenote_note":"","_monsterinsights_sitenote_category":0,"footnotes":""},"categories":[4],"tags":[14,15],"class_list":["post-8483","post","type-post","status-publish","format-standard","hentry","category-skrivande","tag-lasning","tag-mediedjungeln"],"_links":{"self":[{"href":"https:\/\/sven-ove.nu\/index.php?rest_route=\/wp\/v2\/posts\/8483","targetHints":{"allow":["GET"]}}],"collection":[{"href":"https:\/\/sven-ove.nu\/index.php?rest_route=\/wp\/v2\/posts"}],"about":[{"href":"https:\/\/sven-ove.nu\/index.php?rest_route=\/wp\/v2\/types\/post"}],"author":[{"embeddable":true,"href":"https:\/\/sven-ove.nu\/index.php?rest_route=\/wp\/v2\/users\/1"}],"replies":[{"embeddable":true,"href":"https:\/\/sven-ove.nu\/index.php?rest_route=%2Fwp%2Fv2%2Fcomments&post=8483"}],"version-history":[{"count":8,"href":"https:\/\/sven-ove.nu\/index.php?rest_route=\/wp\/v2\/posts\/8483\/revisions"}],"predecessor-version":[{"id":8493,"href":"https:\/\/sven-ove.nu\/index.php?rest_route=\/wp\/v2\/posts\/8483\/revisions\/8493"}],"wp:attachment":[{"href":"https:\/\/sven-ove.nu\/index.php?rest_route=%2Fwp%2Fv2%2Fmedia&parent=8483"}],"wp:term":[{"taxonomy":"category","embeddable":true,"href":"https:\/\/sven-ove.nu\/index.php?rest_route=%2Fwp%2Fv2%2Fcategories&post=8483"},{"taxonomy":"post_tag","embeddable":true,"href":"https:\/\/sven-ove.nu\/index.php?rest_route=%2Fwp%2Fv2%2Ftags&post=8483"}],"curies":[{"name":"wp","href":"https:\/\/api.w.org\/{rel}","templated":true}]}}