{"id":8503,"date":"2014-03-18T03:00:22","date_gmt":"2014-03-18T02:00:22","guid":{"rendered":"http:\/\/sven-ove.nu\/?p=8503"},"modified":"2014-03-18T07:27:50","modified_gmt":"2014-03-18T06:27:50","slug":"ja-skulle-skrive-in-dig-i-facket","status":"publish","type":"post","link":"https:\/\/sven-ove.nu\/?p=8503","title":{"rendered":"&#8211; Ja skulle skrive in dig i facket"},"content":{"rendered":"<p><a href=\"https:\/\/sven-ove.nu\/wp-content\/uploads\/2014\/02\/Virkesupplag-n\u00e4ra.jpg\"><img loading=\"lazy\" decoding=\"async\" class=\"size-medium wp-image-8320 alignright\" alt=\"Virkesupplag n\u00e4ra\" src=\"https:\/\/sven-ove.nu\/wp-content\/uploads\/2014\/02\/Virkesupplag-n\u00e4ra-179x300.jpg\" width=\"179\" height=\"300\" srcset=\"https:\/\/sven-ove.nu\/wp-content\/uploads\/2014\/02\/Virkesupplag-n\u00e4ra-179x300.jpg 179w, https:\/\/sven-ove.nu\/wp-content\/uploads\/2014\/02\/Virkesupplag-n\u00e4ra-613x1024.jpg 613w, https:\/\/sven-ove.nu\/wp-content\/uploads\/2014\/02\/Virkesupplag-n\u00e4ra.jpg 1552w\" sizes=\"auto, (max-width: 179px) 100vw, 179px\" \/><\/a>N\u00e4r jag hade jobbat n\u00e5gra dagar p\u00e5 s\u00e5gen kom G\u00f6sta med ett papper i n\u00e4ven.<br \/>\n&#8211; Jag skulle skrive in dig i facket, sa han.<br \/>\n&#8211; Bra. Jag har inte t\u00e4nkt \u00e5ka sn\u00e5lskjuts p\u00e5 er andra.<\/p>\n<p>Sedan var det klart. Visst ville jag g\u00f6ra facket till en starkare kamporganisation \u00e4n den var ibland p\u00e5 olika niv\u00e5er i landet. Men det g\u00f6r man inte utifr\u00e5n.<\/p>\n<p>I dag \u00e4r det inte lika sj\u00e4lvklart f\u00f6r alla. <em>Svartf\u00f6tter<\/em>, skulle G\u00f6sta ha sagt. <em>Gulingar<\/em>. Ni l\u00e5ter oss betala till facket och f\u00f6rs\u00f6ker \u00e4nd\u00e5 dra nytta av vad vi andra drar ihop.<\/p>\n<p><b>Du lurar dessutom dig sj\u00e4lv<br \/>\n<\/b>F\u00f6rutom att det \u00e4r osolidariskt \u00e4r det att lura sig sj\u00e4lv. \u00c4nnu v\u00e4rre blir det f\u00f6rst\u00e5s om hela arbetsplatsen st\u00e5r utan kollektivavtal. F\u00f6rbundet Vision har r\u00e4knat p\u00e5 vad kollektivavtalet \u00e4r v\u00e4rt f\u00f6r olika medlemsgrupper:<\/p>\n<p style=\"padding-left: 30px;\"><i>\u201dHur mycket tj\u00e4nar du p\u00e5 att jobba p\u00e5 en arbetsplats som tecknat kollektivavtal? N\u00e5gra tusenlappar, kanske du t\u00e4nker. I sj\u00e4lva verket kan det r\u00f6ra sig om 100 000 kronor per \u00e5r.\u201d<\/i><\/p>\n<p><b><i>L\u00e4s mer<br \/>\n<\/i><\/b><i><a href=\"https:\/\/vision.se\/Opinion\/Annika\/Kommentarer\/Miljoner-att-tjana-pa-kollektivavtal\/\">Miljoner att tj\u00e4na p\u00e5 kollektivavtal<br \/>\n<\/a><\/i><i><a href=\"https:\/\/vision.se\/Din-trygghet\/Avtal\/Det-har-tjanar-du\/\">Det h\u00e4r tj\u00e4nar du<\/a><\/i><\/p>\n","protected":false},"excerpt":{"rendered":"<p>N\u00e4r jag hade jobbat n\u00e5gra dagar p\u00e5 s\u00e5gen kom G\u00f6sta med ett papper i n\u00e4ven. &#8211; Jag skulle skrive in dig i facket, sa han. &#8211; Bra. Jag har inte t\u00e4nkt \u00e5ka sn\u00e5lskjuts p\u00e5 er andra. Sedan var det klart. Visst ville jag g\u00f6ra facket till en starkare kamporganisation \u00e4n den var ibland p\u00e5 olika &hellip; <a href=\"https:\/\/sven-ove.nu\/?p=8503\" class=\"more-link\">Forts\u00e4tt l\u00e4sa <span class=\"screen-reader-text\">&#8211; Ja skulle skrive in dig i facket<\/span><\/a><\/p>\n","protected":false},"author":1,"featured_media":0,"comment_status":"open","ping_status":"open","sticky":false,"template":"","format":"standard","meta":{"_crdt_document":"","_monsterinsights_skip_tracking":false,"_monsterinsights_sitenote_active":false,"_monsterinsights_sitenote_note":"","_monsterinsights_sitenote_category":0,"footnotes":""},"categories":[9],"tags":[3,16,18,17],"class_list":["post-8503","post","type-post","status-publish","format-standard","hentry","category-politik","tag-arbete","tag-dumheter","tag-lardomar","tag-solidaritet"],"_links":{"self":[{"href":"https:\/\/sven-ove.nu\/index.php?rest_route=\/wp\/v2\/posts\/8503","targetHints":{"allow":["GET"]}}],"collection":[{"href":"https:\/\/sven-ove.nu\/index.php?rest_route=\/wp\/v2\/posts"}],"about":[{"href":"https:\/\/sven-ove.nu\/index.php?rest_route=\/wp\/v2\/types\/post"}],"author":[{"embeddable":true,"href":"https:\/\/sven-ove.nu\/index.php?rest_route=\/wp\/v2\/users\/1"}],"replies":[{"embeddable":true,"href":"https:\/\/sven-ove.nu\/index.php?rest_route=%2Fwp%2Fv2%2Fcomments&post=8503"}],"version-history":[{"count":5,"href":"https:\/\/sven-ove.nu\/index.php?rest_route=\/wp\/v2\/posts\/8503\/revisions"}],"predecessor-version":[{"id":8511,"href":"https:\/\/sven-ove.nu\/index.php?rest_route=\/wp\/v2\/posts\/8503\/revisions\/8511"}],"wp:attachment":[{"href":"https:\/\/sven-ove.nu\/index.php?rest_route=%2Fwp%2Fv2%2Fmedia&parent=8503"}],"wp:term":[{"taxonomy":"category","embeddable":true,"href":"https:\/\/sven-ove.nu\/index.php?rest_route=%2Fwp%2Fv2%2Fcategories&post=8503"},{"taxonomy":"post_tag","embeddable":true,"href":"https:\/\/sven-ove.nu\/index.php?rest_route=%2Fwp%2Fv2%2Ftags&post=8503"}],"curies":[{"name":"wp","href":"https:\/\/api.w.org\/{rel}","templated":true}]}}