{"id":8508,"date":"2014-03-22T03:00:12","date_gmt":"2014-03-22T02:00:12","guid":{"rendered":"http:\/\/sven-ove.nu\/?p=8508"},"modified":"2014-03-19T14:36:56","modified_gmt":"2014-03-19T13:36:56","slug":"gammelmoten-och-nya-tiders-traffar","status":"publish","type":"post","link":"https:\/\/sven-ove.nu\/?p=8508","title":{"rendered":"Gammelm\u00f6ten och nya tiders tr\u00e4ffar"},"content":{"rendered":"<p>Jag \u00e4r <b>folkr\u00f6relsetypen<\/b>. Finns det n\u00e5got jag gillar s\u00e5 \u00e4r det ett bra diskussionsinl\u00e4gg p\u00e5 ett m\u00f6te, en klok f\u00f6rslagsst\u00e4llare som sparar sitt b\u00e4sta argument till sist, en rapp m\u00f6tesordf\u00f6rande med klubban som en hungrig hackspett i n\u00e4ven och d\u00e5 och d\u00e5 en pigg kontrapropositionsvotering.<\/p>\n<p>N\u00e5gon d\u00e4remot?<\/p>\n<p>Jag \u00e4r <b>sociala medie-typen<\/b> ocks\u00e5, det r\u00e5kar h\u00e4nga ihop f\u00f6r mig det d\u00e4r. Tiderna \u00e4ndrar sig och ibland \u00e4r det inte s\u00e5 dumt att f\u00f6rs\u00f6ka h\u00e4nga med p\u00e5 det nya. F\u00f6r vad \u00e4r det vi g\u00f6r p\u00e5 ett traditionellt folkr\u00f6relsem\u00f6te? Vi samtalar, tar beslut, dricker kaffe och sedan g\u00e5r vi ut f\u00f6r att verkst\u00e4lla besluten.<\/p>\n<p style=\"padding-left: 30px;\"><b>Vad gjorde vi som skulle med och manifestera f\u00f6r m\u00e5ngfald och mot rasism p\u00e5 Stora torget i Karlstad den 29 december? Samtalade, tog beslut och gick ut p\u00e5 torget i tusental. Allt via en synnerligen v\u00e4lsk\u00f6tt och lika v\u00e4lbes\u00f6kt facebooksida p\u00e5 n\u00e4tet. Det enda vi inte gjorde var drack kaffe.<\/b><\/p>\n<p><a href=\"https:\/\/sven-ove.nu\/wp-content\/uploads\/2014\/03\/N\u00e4tm\u00f6ten.jpg\"><img loading=\"lazy\" decoding=\"async\" class=\"size-medium wp-image-8509 alignright\" alt=\"N\u00e4tm\u00f6ten\" src=\"https:\/\/sven-ove.nu\/wp-content\/uploads\/2014\/03\/N\u00e4tm\u00f6ten-300x130.jpg\" width=\"300\" height=\"130\" srcset=\"https:\/\/sven-ove.nu\/wp-content\/uploads\/2014\/03\/N\u00e4tm\u00f6ten-300x130.jpg 300w, https:\/\/sven-ove.nu\/wp-content\/uploads\/2014\/03\/N\u00e4tm\u00f6ten.jpg 931w\" sizes=\"auto, (max-width: 300px) 100vw, 300px\" \/><\/a>En stor del av den g\u00e5ngna vinterns demonstrationer mot rasismen har organiserats just via facebook. Dessemellan ser jag hur allt fr\u00e5n l\u00f6ptr\u00e4ning till skidresor och hembygdsforskning organiseras d\u00e4r. Den gr\u00e5 vardagen har ocks\u00e5 hittat dit.<\/p>\n<p>Jag s\u00e4ger inte att det handlar om gammelm\u00f6ten kontra n\u00e4tm\u00f6ten. N\u00e5gon g\u00e5ng vill man tr\u00e4ffa folk, l\u00e4nge leve det gemensamma kaffedrickandet! Allt jag s\u00e4ger \u00e4r att vi inte ska f\u00f6rakta den nya tidens m\u00f6jligheter. Det p\u00e5g\u00e5r faktiskt mer r\u00f6relse i folkdjupet \u00e4n p\u00e5 l\u00e4nge, fast det inte kommer s\u00e5 m\u00e5nga p\u00e5 m\u00f6tena. Jag tror jag vet var m\u00e4nniskorna m\u00f6ts.<\/p>\n<p style=\"padding-left: 30px;\"><strong>S\u00e4g inte emot mig. <\/strong><br \/>\n<strong> T\u00e4nk om jag har sparat det b\u00e4sta argumentet till sist.<\/strong><\/p>\n","protected":false},"excerpt":{"rendered":"<p>Jag \u00e4r folkr\u00f6relsetypen. Finns det n\u00e5got jag gillar s\u00e5 \u00e4r det ett bra diskussionsinl\u00e4gg p\u00e5 ett m\u00f6te, en klok f\u00f6rslagsst\u00e4llare som sparar sitt b\u00e4sta argument till sist, en rapp m\u00f6tesordf\u00f6rande med klubban som en hungrig hackspett i n\u00e4ven och d\u00e5 och d\u00e5 en pigg kontrapropositionsvotering. N\u00e5gon d\u00e4remot? Jag \u00e4r sociala medie-typen ocks\u00e5, det r\u00e5kar h\u00e4nga &hellip; <a href=\"https:\/\/sven-ove.nu\/?p=8508\" class=\"more-link\">Forts\u00e4tt l\u00e4sa <span class=\"screen-reader-text\">Gammelm\u00f6ten och nya tiders tr\u00e4ffar<\/span><\/a><\/p>\n","protected":false},"author":1,"featured_media":0,"comment_status":"open","ping_status":"open","sticky":false,"template":"","format":"standard","meta":{"_crdt_document":"","_monsterinsights_skip_tracking":false,"_monsterinsights_sitenote_active":false,"_monsterinsights_sitenote_note":"","_monsterinsights_sitenote_category":0,"footnotes":""},"categories":[9],"tags":[18,15,13],"class_list":["post-8508","post","type-post","status-publish","format-standard","hentry","category-politik","tag-lardomar","tag-mediedjungeln","tag-utrustning"],"_links":{"self":[{"href":"https:\/\/sven-ove.nu\/index.php?rest_route=\/wp\/v2\/posts\/8508","targetHints":{"allow":["GET"]}}],"collection":[{"href":"https:\/\/sven-ove.nu\/index.php?rest_route=\/wp\/v2\/posts"}],"about":[{"href":"https:\/\/sven-ove.nu\/index.php?rest_route=\/wp\/v2\/types\/post"}],"author":[{"embeddable":true,"href":"https:\/\/sven-ove.nu\/index.php?rest_route=\/wp\/v2\/users\/1"}],"replies":[{"embeddable":true,"href":"https:\/\/sven-ove.nu\/index.php?rest_route=%2Fwp%2Fv2%2Fcomments&post=8508"}],"version-history":[{"count":2,"href":"https:\/\/sven-ove.nu\/index.php?rest_route=\/wp\/v2\/posts\/8508\/revisions"}],"predecessor-version":[{"id":8538,"href":"https:\/\/sven-ove.nu\/index.php?rest_route=\/wp\/v2\/posts\/8508\/revisions\/8538"}],"wp:attachment":[{"href":"https:\/\/sven-ove.nu\/index.php?rest_route=%2Fwp%2Fv2%2Fmedia&parent=8508"}],"wp:term":[{"taxonomy":"category","embeddable":true,"href":"https:\/\/sven-ove.nu\/index.php?rest_route=%2Fwp%2Fv2%2Fcategories&post=8508"},{"taxonomy":"post_tag","embeddable":true,"href":"https:\/\/sven-ove.nu\/index.php?rest_route=%2Fwp%2Fv2%2Ftags&post=8508"}],"curies":[{"name":"wp","href":"https:\/\/api.w.org\/{rel}","templated":true}]}}