{"id":8512,"date":"2014-03-20T03:00:46","date_gmt":"2014-03-20T02:00:46","guid":{"rendered":"http:\/\/sven-ove.nu\/?p=8512"},"modified":"2014-03-19T14:34:17","modified_gmt":"2014-03-19T13:34:17","slug":"hur-manga-politiker-behovs-det","status":"publish","type":"post","link":"https:\/\/sven-ove.nu\/?p=8512","title":{"rendered":"Hur m\u00e5nga politiker beh\u00f6vs det?"},"content":{"rendered":"<p><a href=\"https:\/\/sven-ove.nu\/wp-content\/uploads\/2013\/07\/Fisk.jpg\"><img loading=\"lazy\" decoding=\"async\" class=\"size-medium wp-image-6116 alignright\" alt=\"Fisk\" src=\"https:\/\/sven-ove.nu\/wp-content\/uploads\/2013\/07\/Fisk-300x225.jpg\" width=\"300\" height=\"225\" srcset=\"https:\/\/sven-ove.nu\/wp-content\/uploads\/2013\/07\/Fisk-300x225.jpg 300w, https:\/\/sven-ove.nu\/wp-content\/uploads\/2013\/07\/Fisk-1024x768.jpg 1024w\" sizes=\"auto, (max-width: 300px) 100vw, 300px\" \/><\/a>D\u00e5 och d\u00e5 dyker fr\u00e5gan upp i inl\u00e4gg och debattartiklar. Det \u00e4r dags f\u00f6r en kommunreform tycker debatt\u00f6ren. H\u00e4r p\u00e5 trakten finns det till och med de som vill g\u00f6ra en enda kommun av hela V\u00e4rmland.<\/p>\n<p>D\u00e5 m\u00e5ste vi st\u00e4lla oss den h\u00e4r fr\u00e5gan, tycker jag:<\/p>\n<p>&#8211; Vad \u00e4r b\u00e4st f\u00f6r mig som inv\u00e5nare och f\u00f6r hela det lokala samh\u00e4llet, n\u00e4r gatlyktan slocknar eller vattentornet t\u00f6ms? Hur stor beh\u00f6ver kommunen vara d\u00e5, f\u00f6r att l\u00f6sa uppgiften? Hur l\u00e5ngt bort \u00e4r det effektivt att sitta? Vad menar vi med effektiv demokrati?<\/p>\n<p>Svaret f\u00e5r du om du klickar p\u00e5 l\u00e4nken.<br \/>\nMitt svar, vill s\u00e4ga.<\/p>\n<p style=\"padding-left: 30px;\"><em>Senaste kr\u00f6nikan i Tankesmedjan Ida:<\/em><br \/>\n<em><a href=\"http:\/\/tankesmedjanida.se\/?chronicle=hur-manga-politiker-behovs-det\">Hur m\u00e5nga politiker beh\u00f6vs det?<\/a><\/em><\/p>\n","protected":false},"excerpt":{"rendered":"<p>D\u00e5 och d\u00e5 dyker fr\u00e5gan upp i inl\u00e4gg och debattartiklar. Det \u00e4r dags f\u00f6r en kommunreform tycker debatt\u00f6ren. H\u00e4r p\u00e5 trakten finns det till och med de som vill g\u00f6ra en enda kommun av hela V\u00e4rmland. D\u00e5 m\u00e5ste vi st\u00e4lla oss den h\u00e4r fr\u00e5gan, tycker jag: &#8211; Vad \u00e4r b\u00e4st f\u00f6r mig som inv\u00e5nare och &hellip; <a href=\"https:\/\/sven-ove.nu\/?p=8512\" class=\"more-link\">Forts\u00e4tt l\u00e4sa <span class=\"screen-reader-text\">Hur m\u00e5nga politiker beh\u00f6vs det?<\/span><\/a><\/p>\n","protected":false},"author":1,"featured_media":0,"comment_status":"open","ping_status":"open","sticky":false,"template":"","format":"standard","meta":{"_crdt_document":"","_monsterinsights_skip_tracking":false,"_monsterinsights_sitenote_active":false,"_monsterinsights_sitenote_note":"","_monsterinsights_sitenote_category":0,"footnotes":""},"categories":[9],"tags":[18],"class_list":["post-8512","post","type-post","status-publish","format-standard","hentry","category-politik","tag-lardomar"],"_links":{"self":[{"href":"https:\/\/sven-ove.nu\/index.php?rest_route=\/wp\/v2\/posts\/8512","targetHints":{"allow":["GET"]}}],"collection":[{"href":"https:\/\/sven-ove.nu\/index.php?rest_route=\/wp\/v2\/posts"}],"about":[{"href":"https:\/\/sven-ove.nu\/index.php?rest_route=\/wp\/v2\/types\/post"}],"author":[{"embeddable":true,"href":"https:\/\/sven-ove.nu\/index.php?rest_route=\/wp\/v2\/users\/1"}],"replies":[{"embeddable":true,"href":"https:\/\/sven-ove.nu\/index.php?rest_route=%2Fwp%2Fv2%2Fcomments&post=8512"}],"version-history":[{"count":5,"href":"https:\/\/sven-ove.nu\/index.php?rest_route=\/wp\/v2\/posts\/8512\/revisions"}],"predecessor-version":[{"id":8514,"href":"https:\/\/sven-ove.nu\/index.php?rest_route=\/wp\/v2\/posts\/8512\/revisions\/8514"}],"wp:attachment":[{"href":"https:\/\/sven-ove.nu\/index.php?rest_route=%2Fwp%2Fv2%2Fmedia&parent=8512"}],"wp:term":[{"taxonomy":"category","embeddable":true,"href":"https:\/\/sven-ove.nu\/index.php?rest_route=%2Fwp%2Fv2%2Fcategories&post=8512"},{"taxonomy":"post_tag","embeddable":true,"href":"https:\/\/sven-ove.nu\/index.php?rest_route=%2Fwp%2Fv2%2Ftags&post=8512"}],"curies":[{"name":"wp","href":"https:\/\/api.w.org\/{rel}","templated":true}]}}