{"id":8564,"date":"2014-03-28T03:00:27","date_gmt":"2014-03-28T02:00:27","guid":{"rendered":"http:\/\/sven-ove.nu\/?p=8564"},"modified":"2014-03-28T07:39:57","modified_gmt":"2014-03-28T06:39:57","slug":"arets-ingvar","status":"publish","type":"post","link":"https:\/\/sven-ove.nu\/?p=8564","title":{"rendered":"\u00c5rets Ingvar"},"content":{"rendered":"<p>Jag \u00e4r inte entrepren\u00f6rskindpussare. \u00c4n mindre kr\u00e4markramare. Jag \u00e4r av sm\u00e5bonde- och arbetarklass och det sitter i sj\u00e4len, hur l\u00e5ng resa jag \u00e4n g\u00f6r fr\u00e5n egendomen \u00c4ngeb\u00e4ckstorp 1:3 och gamla justerverket vid AB Molkoms Bruk.\u00a0\u00c4lskade b\u00e5da tv\u00e5, men s\u00e4g ingenting, d\u00e5 kan folk tro att jag \u00e4r entrepren\u00f6r i alla fall.<\/p>\n<p>\u00d6verens?<\/p>\n<p><a href=\"https:\/\/sven-ove.nu\/wp-content\/uploads\/2014\/03\/\u00c4ngeb\u00e4ckstorp.jpg\"><img loading=\"lazy\" decoding=\"async\" class=\"alignright size-medium wp-image-8565\" alt=\"\u00c4ngeb\u00e4ckstorp\" src=\"https:\/\/sven-ove.nu\/wp-content\/uploads\/2014\/03\/\u00c4ngeb\u00e4ckstorp-300x142.jpg\" width=\"300\" height=\"142\" srcset=\"https:\/\/sven-ove.nu\/wp-content\/uploads\/2014\/03\/\u00c4ngeb\u00e4ckstorp-300x142.jpg 300w, https:\/\/sven-ove.nu\/wp-content\/uploads\/2014\/03\/\u00c4ngeb\u00e4ckstorp-1024x486.jpg 1024w\" sizes=\"auto, (max-width: 300px) 100vw, 300px\" \/><\/a>Bra. D\u00e5 g\u00e5r vi vidare.\u00a0Saken \u00e4r den att det var inte matjord jag skulle \u00e4gna mig \u00e5t. Inte v\u00e4ldoftande nytorkat virke heller. Det var prat och bokst\u00e4vlar. <i>Kommunikation<\/i> om du vill prata fiiint.<\/p>\n<p>F\u00f6rsta dikten i tidningen V\u00e4rmlandsberg 1965. En usel, rimmad dikt. F\u00f6rsta romanen refuserad ett tiotal \u00e5r senare och det av l\u00e5ngt b\u00e4ttre f\u00f6rlag \u00e4n du anar. De verkar ha talat med varandra efter det, mig talar de inte mycket med. Dock har jag f\u00e5tt ett och annat ord b\u00e5de tryckt och sagt sedan dess, ibland mot betalning ska du veta.<\/p>\n<p><b>Tj\u00e4na folket<br \/>\n<\/b>Jag har haft skoj p\u00e5 den resan. Flygblad mot Vietnamkriget, skoltidning mot betygshetsen, massor av sp\u00e4nnande m\u00f6ten med m\u00e4nniskor som journalist och informat\u00f6r, s\u00e5 sm\u00e5ningom administrat\u00f6r av facebooksidor om b\u00e5de milj\u00f6v\u00e4nliga persontransporter och antirasism \u2013 och det \u00e4r inte slut \u00e4n. \u201dTj\u00e4na folket\u201d sa vi 1968 och s\u00e5 tycker jag \u00e4n.<\/p>\n<p>Det \u00e4r nu jag m\u00e5ste skriva det d\u00e4r som g\u00f6r att du kommer att tro att jag \u00e4r entrepren\u00f6rspussare, vad jag \u00e4n p\u00e5st\u00e5r. Visst, jag hatade <i>Satsa p\u00e5 dig sj\u00e4lv-kampanjen<\/i> n\u00e4r den kom kring 1980. Tycker fortfarande illa om egoismen. Dagens jobbans\u00f6kningar f\u00e5r mig att vilja kr\u00e4kas i papperskorgen. Du kan inte ana hur en del ungt folk skryter om sina f\u00f6rtj\u00e4nster.<\/p>\n<p>Farmor skulle ha skakat p\u00e5 huvudet. Nu f\u00e5r jag g\u00f6ra det i hennes st\u00e4lle.<\/p>\n<p><b>Bara s\u00e5 b\u00e4st<br \/>\n<\/b>\u00c4nd\u00e5 \u00e4r han bara s\u00e5 b\u00e4st. Han, den st\u00f6rste kr\u00e4maren och entrepren\u00f6ren vi haft i modern tid. <b>Ingvar Kamprad<\/b>. Det \u00e4r en jury som konstaterar det, Kamprad \u00e4r b\u00e4st.<\/p>\n<p>Kan man g\u00f6ra annat \u00e4n h\u00e5lla med?<\/p>\n<p><a href=\"https:\/\/sven-ove.nu\/wp-content\/uploads\/2014\/03\/Kommunikat\u00f6ren.jpg\"><img loading=\"lazy\" decoding=\"async\" class=\"alignright size-medium wp-image-8566\" alt=\"Kommunikat\u00f6ren\" src=\"https:\/\/sven-ove.nu\/wp-content\/uploads\/2014\/03\/Kommunikat\u00f6ren-300x194.jpg\" width=\"300\" height=\"194\" srcset=\"https:\/\/sven-ove.nu\/wp-content\/uploads\/2014\/03\/Kommunikat\u00f6ren-300x194.jpg 300w, https:\/\/sven-ove.nu\/wp-content\/uploads\/2014\/03\/Kommunikat\u00f6ren-1024x665.jpg 1024w\" sizes=\"auto, (max-width: 300px) 100vw, 300px\" \/><\/a>Det handlar om juryn f\u00f6r <i><a href=\"http:\/\/www.resume.se\/nyheter\/2014\/03\/20\/kamprad-kamprad-naringslivets-framste-superkommunikator\/\">N\u00e4ringslivets 150 Superkommunikat\u00f6rer<\/a><\/i>. L\u00f6jligt namn, men i deras ranking fick han f\u00f6rstaplatsen. B\u00e4ttre kommunikat\u00f6r har vi inte, tycker de.<\/p>\n<p>Nu kan du f\u00f6rst\u00e5s gilla eller inte gilla IKEA:s s\u00e4tt att m\u00f6blera v\u00e5rt forna folkhem. Du kan tycka mycket illa eller v\u00e4ldigt mycket illa om grundarens bruna f\u00f6rflutna i ungdomen. Det hj\u00e4lper inte. Han har lik f\u00f6rbaskat sysslat med storytelling innan marknadsf\u00f6ringsv\u00e4rldens guruer hade h\u00f6rt talas om ordet. Han har varit sin egen PR-byr\u00e5, l\u00e5ngt innan nissarna i den branschen blev nissar.<\/p>\n<p><b>Sagan som alla har h\u00f6rt<br \/>\n<\/b>Vem har inte h\u00f6rt talas om hans framg\u00e5ngssaga? Tv\u00e5 tomma h\u00e4nder, Sm\u00e5land, postorder, id\u00e9n att l\u00e5ta kunderna skruva ihop m\u00f6blerna sj\u00e4lva s\u00e5 han slapp skicka en massa luft i paketen, bojkott fr\u00e5n konkurrenterna, tillverkning i Polen, f\u00f6rsta varuhuset, andra varuhuset, turistguider p\u00e5 Kanarie\u00f6arna som \u00e5ker till IKEA n\u00e4r de vill \u00e4ta svenska k\u00f6ttbullar med lingonsylt. St\u00f6rre genomslag har inte m\u00e5nga kommersiella budskap haft i modern tid. Vi t\u00e4nker dem inte ens som kommersiella.<\/p>\n<p>Sj\u00e4lv har jag en n\u00e4ra sl\u00e4kting som arbetade i ett av varuhusen ett tag. Mycket riktigt, d\u00e5 och d\u00e5 kom Kamprad p\u00e5 bes\u00f6k. Det var inte den lokala ledningens kontorsrum han var intresserad av.<\/p>\n<p>N\u00e4r IKEA skulle \u00f6ppna i Karlstad gjorde IKEA om hela j\u00e4rnv\u00e4gsstationen till ett vardagsrum. N\u00e4r de skulle starta i Haparanda stod personalen p\u00e5 tv\u00e5 led och appl\u00e5derade de f\u00f6rsta kunderna n\u00e4r de str\u00f6mmade in.<\/p>\n<p style=\"padding-left: 30px;\"><b>Vilken annan svensk miljard\u00e4r skulle v\u00e5ra medier beskriva som n\u00e5got annat \u00e4n en Joakim von Anka, badande i en binge av slantar? Vilken annan f\u00f6re detta nazist skulle m\u00e5las upp som en Billyhyllans och Kiviksoffans folkhemspolitiker?<\/b><\/p>\n<p style=\"padding-left: 30px;\"><b>Ingen annan. Det skulle inte ens Carl Bildt klara av, trots att vatten rinner v\u00e4ldigt bra p\u00e5 honom.<\/b><\/p>\n<p><b>D\u00f6p om, d\u00f6p r\u00e4tt<br \/>\n<\/b>En sak vet jag. Kommunikat\u00f6ren Ingvar Kamprad skulle aldrig hitta p\u00e5 ett s\u00e5 fjantigt namn som \u201dN\u00e4ringslivets 150 Superkommunikat\u00f6rer\u201d.<\/p>\n<p>D\u00f6p om rankingen.<br \/>\nKalla det \u00e5rets Ingvar. Det r\u00e4cker.<\/p>\n<p style=\"padding-left: 30px;\"><i>F\u00f6r \u00f6vrigt tycker jag det beh\u00f6vs b\u00e5de p\u00e5hittigt folk och sm\u00e5f\u00f6retagare.<br \/>\nMen det tar vi en annan g\u00e5ng.<\/i><\/p>\n","protected":false},"excerpt":{"rendered":"<p>Jag \u00e4r inte entrepren\u00f6rskindpussare. \u00c4n mindre kr\u00e4markramare. Jag \u00e4r av sm\u00e5bonde- och arbetarklass och det sitter i sj\u00e4len, hur l\u00e5ng resa jag \u00e4n g\u00f6r fr\u00e5n egendomen \u00c4ngeb\u00e4ckstorp 1:3 och gamla justerverket vid AB Molkoms Bruk.\u00a0\u00c4lskade b\u00e5da tv\u00e5, men s\u00e4g ingenting, d\u00e5 kan folk tro att jag \u00e4r entrepren\u00f6r i alla fall. \u00d6verens? Bra. D\u00e5 g\u00e5r &hellip; <a href=\"https:\/\/sven-ove.nu\/?p=8564\" class=\"more-link\">Forts\u00e4tt l\u00e4sa <span class=\"screen-reader-text\">\u00c5rets Ingvar<\/span><\/a><\/p>\n","protected":false},"author":1,"featured_media":0,"comment_status":"open","ping_status":"open","sticky":false,"template":"","format":"standard","meta":{"_crdt_document":"","_monsterinsights_skip_tracking":false,"_monsterinsights_sitenote_active":false,"_monsterinsights_sitenote_note":"","_monsterinsights_sitenote_category":0,"footnotes":""},"categories":[4],"tags":[18,15],"class_list":["post-8564","post","type-post","status-publish","format-standard","hentry","category-skrivande","tag-lardomar","tag-mediedjungeln"],"_links":{"self":[{"href":"https:\/\/sven-ove.nu\/index.php?rest_route=\/wp\/v2\/posts\/8564","targetHints":{"allow":["GET"]}}],"collection":[{"href":"https:\/\/sven-ove.nu\/index.php?rest_route=\/wp\/v2\/posts"}],"about":[{"href":"https:\/\/sven-ove.nu\/index.php?rest_route=\/wp\/v2\/types\/post"}],"author":[{"embeddable":true,"href":"https:\/\/sven-ove.nu\/index.php?rest_route=\/wp\/v2\/users\/1"}],"replies":[{"embeddable":true,"href":"https:\/\/sven-ove.nu\/index.php?rest_route=%2Fwp%2Fv2%2Fcomments&post=8564"}],"version-history":[{"count":4,"href":"https:\/\/sven-ove.nu\/index.php?rest_route=\/wp\/v2\/posts\/8564\/revisions"}],"predecessor-version":[{"id":8571,"href":"https:\/\/sven-ove.nu\/index.php?rest_route=\/wp\/v2\/posts\/8564\/revisions\/8571"}],"wp:attachment":[{"href":"https:\/\/sven-ove.nu\/index.php?rest_route=%2Fwp%2Fv2%2Fmedia&parent=8564"}],"wp:term":[{"taxonomy":"category","embeddable":true,"href":"https:\/\/sven-ove.nu\/index.php?rest_route=%2Fwp%2Fv2%2Fcategories&post=8564"},{"taxonomy":"post_tag","embeddable":true,"href":"https:\/\/sven-ove.nu\/index.php?rest_route=%2Fwp%2Fv2%2Ftags&post=8564"}],"curies":[{"name":"wp","href":"https:\/\/api.w.org\/{rel}","templated":true}]}}