{"id":8574,"date":"2014-03-31T03:00:23","date_gmt":"2014-03-31T02:00:23","guid":{"rendered":"http:\/\/sven-ove.nu\/?p=8574"},"modified":"2014-03-28T10:06:08","modified_gmt":"2014-03-28T09:06:08","slug":"han","status":"publish","type":"post","link":"https:\/\/sven-ove.nu\/?p=8574","title":{"rendered":"Han"},"content":{"rendered":"<p><a href=\"https:\/\/sven-ove.nu\/wp-content\/uploads\/2014\/03\/Gr\u00e5-sky-liten.jpg\"><img loading=\"lazy\" decoding=\"async\" class=\"alignright size-medium wp-image-8575\" alt=\"Gr\u00e5 sky liten\" src=\"https:\/\/sven-ove.nu\/wp-content\/uploads\/2014\/03\/Gr\u00e5-sky-liten-180x300.jpg\" width=\"180\" height=\"300\" srcset=\"https:\/\/sven-ove.nu\/wp-content\/uploads\/2014\/03\/Gr\u00e5-sky-liten-180x300.jpg 180w, https:\/\/sven-ove.nu\/wp-content\/uploads\/2014\/03\/Gr\u00e5-sky-liten.jpg 192w\" sizes=\"auto, (max-width: 180px) 100vw, 180px\" \/><\/a>Fundera en stund \u00f6ver vem som tj\u00e4nar p\u00e5 att dela upp folk i grupper.\u00a0Svenska arbetare och tj\u00e4nstem\u00e4n f\u00f6r sig. Invandrare f\u00f6r sig. Helst vill han skapa splittring mellan oss, fast vi kunde vara syskon.\u00a0V\u00e4nta, vi <b>\u00e4r<\/b> syskon.<\/p>\n<p>Vem tror du?<br \/>\nVem tj\u00e4nar p\u00e5 det?<\/p>\n<p>Han vet vad han vill. Han g\u00f6r det f\u00f6r att trycka ner l\u00f6ner och trygghetssystem.\u00a0Om han kan f\u00e5 oss alla att bli desperata, var och en p\u00e5 sitt h\u00e5ll, d\u00e5 \u00e4r det riktigt bra. B\u00e4st \u00e4r om vi tittar snett p\u00e5 varandra. H\u00e4rska genom att s\u00f6ndra har fungerat f\u00f6rr f\u00f6r hans sort.<\/p>\n<p>Helst vill han g\u00f6ra n\u00e5got \u00e5t kollektivavtalen snart. De \u00e4r f\u00f6r bra.\u00a0Hela id\u00e9n \u00e4r f\u00f6r god. \u00c4n \u00e4r det alldeles f\u00f6r m\u00e5nga som har r\u00e4tt till semester och \u00f6vertidsers\u00e4ttning och annat dyrt.<\/p>\n<p style=\"padding-left: 30px;\"><strong>Tro inte att det \u00e4r Sverigedemokraterna du funderar p\u00e5 att r\u00f6sta p\u00e5. <\/strong><br \/>\n<strong> Det \u00e4r honom.<\/strong><\/p>\n<p>Han \u00e4ger.<\/p>\n","protected":false},"excerpt":{"rendered":"<p>Fundera en stund \u00f6ver vem som tj\u00e4nar p\u00e5 att dela upp folk i grupper.\u00a0Svenska arbetare och tj\u00e4nstem\u00e4n f\u00f6r sig. Invandrare f\u00f6r sig. Helst vill han skapa splittring mellan oss, fast vi kunde vara syskon.\u00a0V\u00e4nta, vi \u00e4r syskon. Vem tror du? Vem tj\u00e4nar p\u00e5 det? Han vet vad han vill. Han g\u00f6r det f\u00f6r att trycka &hellip; <a href=\"https:\/\/sven-ove.nu\/?p=8574\" class=\"more-link\">Forts\u00e4tt l\u00e4sa <span class=\"screen-reader-text\">Han<\/span><\/a><\/p>\n","protected":false},"author":1,"featured_media":0,"comment_status":"open","ping_status":"open","sticky":false,"template":"","format":"standard","meta":{"_crdt_document":"","_monsterinsights_skip_tracking":false,"_monsterinsights_sitenote_active":false,"_monsterinsights_sitenote_note":"","_monsterinsights_sitenote_category":0,"footnotes":""},"categories":[9],"tags":[3,18],"class_list":["post-8574","post","type-post","status-publish","format-standard","hentry","category-politik","tag-arbete","tag-lardomar"],"_links":{"self":[{"href":"https:\/\/sven-ove.nu\/index.php?rest_route=\/wp\/v2\/posts\/8574","targetHints":{"allow":["GET"]}}],"collection":[{"href":"https:\/\/sven-ove.nu\/index.php?rest_route=\/wp\/v2\/posts"}],"about":[{"href":"https:\/\/sven-ove.nu\/index.php?rest_route=\/wp\/v2\/types\/post"}],"author":[{"embeddable":true,"href":"https:\/\/sven-ove.nu\/index.php?rest_route=\/wp\/v2\/users\/1"}],"replies":[{"embeddable":true,"href":"https:\/\/sven-ove.nu\/index.php?rest_route=%2Fwp%2Fv2%2Fcomments&post=8574"}],"version-history":[{"count":2,"href":"https:\/\/sven-ove.nu\/index.php?rest_route=\/wp\/v2\/posts\/8574\/revisions"}],"predecessor-version":[{"id":8579,"href":"https:\/\/sven-ove.nu\/index.php?rest_route=\/wp\/v2\/posts\/8574\/revisions\/8579"}],"wp:attachment":[{"href":"https:\/\/sven-ove.nu\/index.php?rest_route=%2Fwp%2Fv2%2Fmedia&parent=8574"}],"wp:term":[{"taxonomy":"category","embeddable":true,"href":"https:\/\/sven-ove.nu\/index.php?rest_route=%2Fwp%2Fv2%2Fcategories&post=8574"},{"taxonomy":"post_tag","embeddable":true,"href":"https:\/\/sven-ove.nu\/index.php?rest_route=%2Fwp%2Fv2%2Ftags&post=8574"}],"curies":[{"name":"wp","href":"https:\/\/api.w.org\/{rel}","templated":true}]}}