{"id":8594,"date":"2014-04-05T03:00:29","date_gmt":"2014-04-05T02:00:29","guid":{"rendered":"http:\/\/sven-ove.nu\/?p=8594"},"modified":"2014-04-03T14:59:00","modified_gmt":"2014-04-03T13:59:00","slug":"axel-danielsson-och-motsattningarna-inom-folket","status":"publish","type":"post","link":"https:\/\/sven-ove.nu\/?p=8594","title":{"rendered":"Axel Danielsson och mots\u00e4ttningarna inom folket"},"content":{"rendered":"<p><a href=\"https:\/\/sven-ove.nu\/wp-content\/uploads\/2014\/03\/Axel-Danielsson.jpg\"><img loading=\"lazy\" decoding=\"async\" class=\"size-full wp-image-8595 alignleft\" alt=\"Axel Danielsson\" src=\"https:\/\/sven-ove.nu\/wp-content\/uploads\/2014\/03\/Axel-Danielsson.jpg\" width=\"200\" height=\"282\" \/><\/a>Axel Danielsson var s\u00e5gverksarbetarson fr\u00e5n S\u00f6lje i Stavn\u00e4s. N\u00e4r han var 24 \u00e5r gammal grundade han tidningen Arbetet i Malm\u00f6. P\u00e5 grund av sina artiklar d\u00f6mdes han till sammanlagt 18 m\u00e5naders f\u00e4ngelse, n\u00e4r makthavarna inte tyckte om det han skrivit.\u00a0D\u00e5 fortsatte han skriva fr\u00e5n cellen.<\/p>\n<p>Ibland var det inte bara \u00f6verheten <a href=\"http:\/\/sv.wikipedia.org\/wiki\/Axel_Danielsson\">Axel Danielsson<\/a> gav sig p\u00e5. Det s\u00e4gs att han inte drog sig f\u00f6r att kritisera arbetarna heller, n\u00e4r de var likn\u00f6jda, f\u00f6rsoffade, slumrande, ljumma. P\u00e5 hans gravsten st\u00e5r det om tacksamheten hos det folk \u201dhvars befriare, gissel och v\u00e4n han var\u201d.<\/p>\n<p><b>Pampene p\u00e5 pengesekken<br \/>\n<\/b>Mots\u00e4ttningar inom folket skulle vi m\u00f6jligen ha kallat det, i min vilda ungdom, om vi hade f\u00f6rs\u00f6kt analysera konflikten mellan arbetarskribenten och hans v\u00e4nner i den sk\u00e5nska arbetarklassen. En ickeantagonistisk mots\u00e4ttning, skulle vi ha sagt.<\/p>\n<p>Fina ord men sv\u00e5r sak. Det \u00e4r alltid l\u00e4ttare f\u00f6r en skrivare med Danielssons v\u00e4rderingar att ge sig p\u00e5 maktens herrar. \u201dPampene p\u00e5 pengesekken\u201d som det stod i en norsk tidning jag prenumererade p\u00e5 en g\u00e5ng.<\/p>\n<p>Satir ska riktas snett upp\u00e5t. Kritisk solidaritet finns, den med, men \u00e4r sv\u00e5r f\u00f6r somliga att f\u00f6rst\u00e5 sig p\u00e5. Hur s\u00e4ger du till dina v\u00e4nner att nu blev det lite dumt? Ni skulle ha r\u00f6stat. Ni borde g\u00e5 med i facket. Det \u00e4r osolidariskt att \u00e5ka sn\u00e5lskjuts och\u2026<\/p>\n<p><b>Hellre driver \u00e4n river<br \/>\n<\/b>Nu \u00e4r dagstidningen Arbetet nedlagd. I st\u00e4llet k\u00e4mpar den nystartade <a href=\"http:\/\/www.etc.se\">Dagens ETC<\/a> med n\u00e4bbar och klor f\u00f6r att bli en r\u00f6d daglig r\u00f6st, s\u00e5 som Danielsson fr\u00e5n S\u00f6lje k\u00e4mpade. Hittills verkar allt g\u00e5 bra.<\/p>\n<p>Hoppas, hoppas. Visst vet jag ett folkblad p\u00e5 n\u00e4rmare h\u00e5ll som beh\u00e4rskar b\u00e5de satir och kritisk solidaritet. Det hindrar inte att det beh\u00f6vs fler som gisslar och befriar.<\/p>\n<p>Precis som det beh\u00f6vs en arbetarr\u00f6relse som <i>driver<\/i> massmedier, inte l\u00e4gger ner.<\/p>\n","protected":false},"excerpt":{"rendered":"<p>Axel Danielsson var s\u00e5gverksarbetarson fr\u00e5n S\u00f6lje i Stavn\u00e4s. N\u00e4r han var 24 \u00e5r gammal grundade han tidningen Arbetet i Malm\u00f6. P\u00e5 grund av sina artiklar d\u00f6mdes han till sammanlagt 18 m\u00e5naders f\u00e4ngelse, n\u00e4r makthavarna inte tyckte om det han skrivit.\u00a0D\u00e5 fortsatte han skriva fr\u00e5n cellen. Ibland var det inte bara \u00f6verheten Axel Danielsson gav sig &hellip; <a href=\"https:\/\/sven-ove.nu\/?p=8594\" class=\"more-link\">Forts\u00e4tt l\u00e4sa <span class=\"screen-reader-text\">Axel Danielsson och mots\u00e4ttningarna inom folket<\/span><\/a><\/p>\n","protected":false},"author":1,"featured_media":0,"comment_status":"open","ping_status":"open","sticky":false,"template":"","format":"standard","meta":{"_crdt_document":"","_monsterinsights_skip_tracking":false,"_monsterinsights_sitenote_active":false,"_monsterinsights_sitenote_note":"","_monsterinsights_sitenote_category":0,"footnotes":""},"categories":[9,4],"tags":[8,18,15,17],"class_list":["post-8594","post","type-post","status-publish","format-standard","hentry","category-politik","category-skrivande","tag-historia","tag-lardomar","tag-mediedjungeln","tag-solidaritet"],"_links":{"self":[{"href":"https:\/\/sven-ove.nu\/index.php?rest_route=\/wp\/v2\/posts\/8594","targetHints":{"allow":["GET"]}}],"collection":[{"href":"https:\/\/sven-ove.nu\/index.php?rest_route=\/wp\/v2\/posts"}],"about":[{"href":"https:\/\/sven-ove.nu\/index.php?rest_route=\/wp\/v2\/types\/post"}],"author":[{"embeddable":true,"href":"https:\/\/sven-ove.nu\/index.php?rest_route=\/wp\/v2\/users\/1"}],"replies":[{"embeddable":true,"href":"https:\/\/sven-ove.nu\/index.php?rest_route=%2Fwp%2Fv2%2Fcomments&post=8594"}],"version-history":[{"count":3,"href":"https:\/\/sven-ove.nu\/index.php?rest_route=\/wp\/v2\/posts\/8594\/revisions"}],"predecessor-version":[{"id":8671,"href":"https:\/\/sven-ove.nu\/index.php?rest_route=\/wp\/v2\/posts\/8594\/revisions\/8671"}],"wp:attachment":[{"href":"https:\/\/sven-ove.nu\/index.php?rest_route=%2Fwp%2Fv2%2Fmedia&parent=8594"}],"wp:term":[{"taxonomy":"category","embeddable":true,"href":"https:\/\/sven-ove.nu\/index.php?rest_route=%2Fwp%2Fv2%2Fcategories&post=8594"},{"taxonomy":"post_tag","embeddable":true,"href":"https:\/\/sven-ove.nu\/index.php?rest_route=%2Fwp%2Fv2%2Ftags&post=8594"}],"curies":[{"name":"wp","href":"https:\/\/api.w.org\/{rel}","templated":true}]}}