{"id":8597,"date":"2014-04-07T03:00:20","date_gmt":"2014-04-07T02:00:20","guid":{"rendered":"http:\/\/sven-ove.nu\/?p=8597"},"modified":"2014-04-03T15:04:04","modified_gmt":"2014-04-03T14:04:04","slug":"sina-drommars-mo-2","status":"publish","type":"post","link":"https:\/\/sven-ove.nu\/?p=8597","title":{"rendered":"Sina dr\u00f6mmars m\u00f6"},"content":{"rendered":"<p><a href=\"https:\/\/sven-ove.nu\/wp-content\/uploads\/2014\/04\/Bl\u00e5-sippor.jpg\"><img loading=\"lazy\" decoding=\"async\" class=\"size-medium wp-image-8599 alignleft\" alt=\"Bl\u00e5 sippor\" src=\"https:\/\/sven-ove.nu\/wp-content\/uploads\/2014\/04\/Bl\u00e5-sippor-221x300.jpg\" width=\"221\" height=\"300\" srcset=\"https:\/\/sven-ove.nu\/wp-content\/uploads\/2014\/04\/Bl\u00e5-sippor-221x300.jpg 221w, https:\/\/sven-ove.nu\/wp-content\/uploads\/2014\/04\/Bl\u00e5-sippor-755x1024.jpg 755w, https:\/\/sven-ove.nu\/wp-content\/uploads\/2014\/04\/Bl\u00e5-sippor.jpg 981w\" sizes=\"auto, (max-width: 221px) 100vw, 221px\" \/><\/a>Jag skrev om Axel Danielsson h\u00e4rom dagen. Den socialdemokratiske pionj\u00e4ren fr\u00e5n S\u00f6lje i V\u00e4rmland som for till Malm\u00f6 och startade tidningen Arbetet. H\u00e4r \u00e4r ett av mina favoritcitat fr\u00e5n hans penna:<\/p>\n<p><i>Men kan en socialdemokrat \u00e4lska &#8221;v\u00e5ra str\u00f6mmars brus&#8221;, s\u00e5 l\u00e4nge den elektriska kraften i vattenfallen \u00e4r privategendom, \u00e4lska &#8221;b\u00e4ckarnas spr\u00e5ng&#8221;, s\u00e5 l\u00e4nge endast str\u00e4ndernas \u00e4gare f\u00e5r fiska kr\u00e4ftor och h\u00f6gt betalande engelsm\u00e4n meta lax\u00f6ring, \u00e4lska &#8221;den m\u00f6rka skogens dystra ljus&#8221;, d\u00e4r baggb\u00f6larens yxa f\u00f6rjagat skogsnymfen och andra poesier, \u00e4lska &#8221;stj\u00e4rnenatten&#8221;, varunder en h\u00e4r av utplundrade prolet\u00e4rer hackar t\u00e4nderna av k\u00f6ld och &#8221;sommarljuset&#8221;, i vars sken de f\u00e5 arbetar sig svettiga dag och natt? Kan han \u00e4lska allt detta? Ja, han kan och b\u00f6r \u00e4lska det som ynglingen \u00e4lskar sina dr\u00f6mmars m\u00f6, vilken han f\u00f6rst m\u00e5ste er\u00f6vra, eller vandraren sitt m\u00e5l, som han endast kan n\u00e5 p\u00e5 en l\u00e5ng och m\u00f6dosam stig. P\u00e5 det s\u00e4ttet \u00e4r jag patriot och v\u00e4l \u00e4ven de flesta andra.<\/i><\/p>\n<p style=\"padding-left: 30px;\">(Ur Axel Danielssons Brandsyn-kr\u00f6nika i Arbetet den 4 januari 1895).<\/p>\n","protected":false},"excerpt":{"rendered":"<p>Jag skrev om Axel Danielsson h\u00e4rom dagen. Den socialdemokratiske pionj\u00e4ren fr\u00e5n S\u00f6lje i V\u00e4rmland som for till Malm\u00f6 och startade tidningen Arbetet. H\u00e4r \u00e4r ett av mina favoritcitat fr\u00e5n hans penna: Men kan en socialdemokrat \u00e4lska &#8221;v\u00e5ra str\u00f6mmars brus&#8221;, s\u00e5 l\u00e4nge den elektriska kraften i vattenfallen \u00e4r privategendom, \u00e4lska &#8221;b\u00e4ckarnas spr\u00e5ng&#8221;, s\u00e5 l\u00e4nge endast str\u00e4ndernas &hellip; <a href=\"https:\/\/sven-ove.nu\/?p=8597\" class=\"more-link\">Forts\u00e4tt l\u00e4sa <span class=\"screen-reader-text\">Sina dr\u00f6mmars m\u00f6<\/span><\/a><\/p>\n","protected":false},"author":1,"featured_media":0,"comment_status":"open","ping_status":"open","sticky":false,"template":"","format":"standard","meta":{"_crdt_document":"","_monsterinsights_skip_tracking":false,"_monsterinsights_sitenote_active":false,"_monsterinsights_sitenote_note":"","_monsterinsights_sitenote_category":0,"footnotes":""},"categories":[6],"tags":[24],"class_list":["post-8597","post","type-post","status-publish","format-standard","hentry","category-natur","tag-karlek"],"_links":{"self":[{"href":"https:\/\/sven-ove.nu\/index.php?rest_route=\/wp\/v2\/posts\/8597","targetHints":{"allow":["GET"]}}],"collection":[{"href":"https:\/\/sven-ove.nu\/index.php?rest_route=\/wp\/v2\/posts"}],"about":[{"href":"https:\/\/sven-ove.nu\/index.php?rest_route=\/wp\/v2\/types\/post"}],"author":[{"embeddable":true,"href":"https:\/\/sven-ove.nu\/index.php?rest_route=\/wp\/v2\/users\/1"}],"replies":[{"embeddable":true,"href":"https:\/\/sven-ove.nu\/index.php?rest_route=%2Fwp%2Fv2%2Fcomments&post=8597"}],"version-history":[{"count":11,"href":"https:\/\/sven-ove.nu\/index.php?rest_route=\/wp\/v2\/posts\/8597\/revisions"}],"predecessor-version":[{"id":8678,"href":"https:\/\/sven-ove.nu\/index.php?rest_route=\/wp\/v2\/posts\/8597\/revisions\/8678"}],"wp:attachment":[{"href":"https:\/\/sven-ove.nu\/index.php?rest_route=%2Fwp%2Fv2%2Fmedia&parent=8597"}],"wp:term":[{"taxonomy":"category","embeddable":true,"href":"https:\/\/sven-ove.nu\/index.php?rest_route=%2Fwp%2Fv2%2Fcategories&post=8597"},{"taxonomy":"post_tag","embeddable":true,"href":"https:\/\/sven-ove.nu\/index.php?rest_route=%2Fwp%2Fv2%2Ftags&post=8597"}],"curies":[{"name":"wp","href":"https:\/\/api.w.org\/{rel}","templated":true}]}}