{"id":8619,"date":"2014-04-11T03:00:16","date_gmt":"2014-04-11T02:00:16","guid":{"rendered":"http:\/\/sven-ove.nu\/?p=8619"},"modified":"2014-04-03T15:05:46","modified_gmt":"2014-04-03T14:05:46","slug":"8619","status":"publish","type":"post","link":"https:\/\/sven-ove.nu\/?p=8619","title":{"rendered":"Per Stigman p\u00e5 ena axeln och Sixten Jernberg p\u00e5 den andra"},"content":{"rendered":"<p><a href=\"https:\/\/sven-ove.nu\/wp-content\/uploads\/2014\/04\/Rekord-Magasinet.jpg\"><img loading=\"lazy\" decoding=\"async\" class=\"size-medium wp-image-8623 alignleft\" alt=\"OLYMPUS DIGITAL CAMERA\" src=\"https:\/\/sven-ove.nu\/wp-content\/uploads\/2014\/04\/Rekord-Magasinet-210x300.jpg\" width=\"210\" height=\"300\" srcset=\"https:\/\/sven-ove.nu\/wp-content\/uploads\/2014\/04\/Rekord-Magasinet-210x300.jpg 210w, https:\/\/sven-ove.nu\/wp-content\/uploads\/2014\/04\/Rekord-Magasinet-719x1024.jpg 719w, https:\/\/sven-ove.nu\/wp-content\/uploads\/2014\/04\/Rekord-Magasinet.jpg 978w\" sizes=\"auto, (max-width: 210px) 100vw, 210px\" \/><\/a>Nu handlade inte min ungdoms idrottskultur bara om att tr\u00e4na mil efter mil i v\u00e4rsta Sixten Jernbergstil. Ibland kom <b>Rekord-Magasinet<\/b> i min hand och d\u00e4r fanns en annan sida av idrotten. Den fostrande.<\/p>\n<p>N\u00e4r Edvin Ahlqvist startade tidningen kom han snart p\u00e5 att det skulle vara teckningar och portr\u00e4tt av k\u00e4nda idrottsm\u00e4n. Det skulle vara lagbilder. Samtidigt bad han en viss A M Marksman att b\u00f6rja skriva en f\u00f6ljetong. Det blev historierna om <a href=\"http:\/\/boksamlarenigoteborg.blogspot.se\/2013\/03\/per-stigman-och-hans-skapare.html\"><b>Per Stigman<\/b><\/a><b>.<\/b> Platsen \u00e4r det medeltida Sverige och Per Stigman och hans fredl\u00f6sa v\u00e4nner g\u00f6r som Robin Hood, sl\u00e5ss mot fogdar och storm\u00e4n. Tyska fogdar m\u00e4rk v\u00e4l, ber\u00e4ttelserna b\u00f6rjade skrivas under andra v\u00e4rldskriget och A M Marksman visste vilken sida han h\u00f6ll p\u00e5. Precis som Vilhelm Moberg anv\u00e4nde den historiska ber\u00e4ttelsen f\u00f6r att gissla nazisterna (Rid i natt) s\u00e5 gjorde Marksman det.<\/p>\n<p>F\u00f6rfattarnamnet var en pseudonym. Bakom den stod Nils Holmberg, kommunistisk politiker i G\u00f6teborg och redakt\u00f6r f\u00f6r den antinazistiska Arbetartidningen. Historierna blev b\u00f6cker sedan, de g\u00e5r bra att l\u00e4sa utan v\u00e4rldskrigsperspektiv om man vill. Sp\u00e4nnande ungdomsl\u00e4sning i svensk historisk milj\u00f6.<\/p>\n<p style=\"padding-left: 30px;\"><b>S\u00e5dant l\u00e4ste vi. F\u00f6r att inte tala om alla dessa tecknade serier om den unge debutanten i klubbens A-lag som f\u00e5r hoppa in och g\u00f6r succ\u00e9. I dag har den storyn blivit till en genre i sig, ofta anv\u00e4nd som liknelse n\u00e4r n\u00e5got liknande h\u00e4nder i verkligheten. F\u00f6r det g\u00f6r det ju.<\/b><\/p>\n<p>Laganda. Det \u00e4r r\u00e4tt att k\u00e4mpa. \u00c4ven den lilla bruksorten kan f\u00e5 fram duktiga lag och stora stj\u00e4rnor. Spring p\u00e5 sviktande stigar\u2026 Den andan var det v\u00e5r ungdoms idrottskultur f\u00f6rs\u00f6kte ge oss. Sedan dess b\u00e4r jag en Per Stigman p\u00e5 v\u00e4nstra axeln. Han sitter d\u00e4r och dinglar med benen och viskar i mitt \u00f6ra att det \u00e4r r\u00e4tt att g\u00f6ra uppror.<\/p>\n<p><b>Som n\u00e4r du tills\u00e4tter cement i sand<br \/>\n<\/b>P\u00e5 den andra axeln sitter Sixten Jernberg. Han f\u00e5r avsluta, citatet \u00e4r \u00e4n en g\u00e5ng fr\u00e5n hans bok <b>I vilda sp\u00e5r<\/b> fr\u00e5n 1960. N\u00e4r vi l\u00e4st f\u00e4rdigt Rekord-Magasinet var det dags att tr\u00e4na igen och d\u00e5 satt Sixten p\u00e5 h\u00f6geraxeln och manade.<\/p>\n<p style=\"padding-left: 30px;\"><i><a href=\"https:\/\/sven-ove.nu\/wp-content\/uploads\/2014\/04\/I-vilda-sp\u00e5r.jpg\"><img loading=\"lazy\" decoding=\"async\" class=\"alignright size-thumbnail wp-image-8615\" alt=\"I vilda sp\u00e5r\" src=\"https:\/\/sven-ove.nu\/wp-content\/uploads\/2014\/04\/I-vilda-sp\u00e5r-150x150.jpg\" width=\"150\" height=\"150\" \/><\/a>\u201dSammanfattningsvis skulle jag vilja g\u00f6ra g\u00e4llande, att det enda raka \u00e4r \u00e5ret-runt-tr\u00e4ningen. N\u00e4r t\u00e4vlingss\u00e4songen \u00e4r avslutad, m\u00e5ste man se till att konditionen underh\u00e5lls. Man s\u00e4tter den liksom p\u00e5 sparl\u00e5ga, tills man \u00e5ter finner det dags att bygga upp den. Det sker d\u00e5 med en liten starkare dos tr\u00e4ning f\u00f6r varje dag \u2013 ungef\u00e4r som n\u00e4r man tills\u00e4tter cement i sand \u2013 f\u00f6r att till slut grundmura konditionen till n\u00e5got som liknar betong.\u201d<\/i><\/p>\n<p>S\u00e5 dr\u00f6mde vi om att bli, den g\u00e5ngen.<br \/>\nSom betong.<\/p>\n","protected":false},"excerpt":{"rendered":"<p>Nu handlade inte min ungdoms idrottskultur bara om att tr\u00e4na mil efter mil i v\u00e4rsta Sixten Jernbergstil. Ibland kom Rekord-Magasinet i min hand och d\u00e4r fanns en annan sida av idrotten. Den fostrande. N\u00e4r Edvin Ahlqvist startade tidningen kom han snart p\u00e5 att det skulle vara teckningar och portr\u00e4tt av k\u00e4nda idrottsm\u00e4n. Det skulle vara &hellip; <a href=\"https:\/\/sven-ove.nu\/?p=8619\" class=\"more-link\">Forts\u00e4tt l\u00e4sa <span class=\"screen-reader-text\">Per Stigman p\u00e5 ena axeln och Sixten Jernberg p\u00e5 den andra<\/span><\/a><\/p>\n","protected":false},"author":1,"featured_media":0,"comment_status":"open","ping_status":"open","sticky":false,"template":"","format":"standard","meta":{"_crdt_document":"","_monsterinsights_skip_tracking":false,"_monsterinsights_sitenote_active":false,"_monsterinsights_sitenote_note":"","_monsterinsights_sitenote_category":0,"footnotes":""},"categories":[5],"tags":[8,14,15,20],"class_list":["post-8619","post","type-post","status-publish","format-standard","hentry","category-lopning","tag-historia","tag-lasning","tag-mediedjungeln","tag-rad"],"_links":{"self":[{"href":"https:\/\/sven-ove.nu\/index.php?rest_route=\/wp\/v2\/posts\/8619","targetHints":{"allow":["GET"]}}],"collection":[{"href":"https:\/\/sven-ove.nu\/index.php?rest_route=\/wp\/v2\/posts"}],"about":[{"href":"https:\/\/sven-ove.nu\/index.php?rest_route=\/wp\/v2\/types\/post"}],"author":[{"embeddable":true,"href":"https:\/\/sven-ove.nu\/index.php?rest_route=\/wp\/v2\/users\/1"}],"replies":[{"embeddable":true,"href":"https:\/\/sven-ove.nu\/index.php?rest_route=%2Fwp%2Fv2%2Fcomments&post=8619"}],"version-history":[{"count":6,"href":"https:\/\/sven-ove.nu\/index.php?rest_route=\/wp\/v2\/posts\/8619\/revisions"}],"predecessor-version":[{"id":8680,"href":"https:\/\/sven-ove.nu\/index.php?rest_route=\/wp\/v2\/posts\/8619\/revisions\/8680"}],"wp:attachment":[{"href":"https:\/\/sven-ove.nu\/index.php?rest_route=%2Fwp%2Fv2%2Fmedia&parent=8619"}],"wp:term":[{"taxonomy":"category","embeddable":true,"href":"https:\/\/sven-ove.nu\/index.php?rest_route=%2Fwp%2Fv2%2Fcategories&post=8619"},{"taxonomy":"post_tag","embeddable":true,"href":"https:\/\/sven-ove.nu\/index.php?rest_route=%2Fwp%2Fv2%2Ftags&post=8619"}],"curies":[{"name":"wp","href":"https:\/\/api.w.org\/{rel}","templated":true}]}}