{"id":8626,"date":"2014-04-12T03:00:34","date_gmt":"2014-04-12T02:00:34","guid":{"rendered":"http:\/\/sven-ove.nu\/?p=8626"},"modified":"2014-03-30T14:55:17","modified_gmt":"2014-03-30T13:55:17","slug":"det-dar-var-val-inget-modigt","status":"publish","type":"post","link":"https:\/\/sven-ove.nu\/?p=8626","title":{"rendered":"&#8221;Det d\u00e4r var v\u00e4l inget modigt&#8221;"},"content":{"rendered":"<p><a href=\"https:\/\/sven-ove.nu\/wp-content\/uploads\/2014\/04\/Majjen.jpg\"><img loading=\"lazy\" decoding=\"async\" class=\"size-thumbnail wp-image-8628 alignleft\" alt=\"Magistern kopia\" src=\"https:\/\/sven-ove.nu\/wp-content\/uploads\/2014\/04\/Majjen-150x150.jpg\" width=\"150\" height=\"150\" \/><\/a><i>Det d\u00e4r kr\u00e4ver v\u00e4l inget mod,<\/i> s\u00e4ger n\u00e5gon, n\u00e4r en medm\u00e4nniska har tyckt n\u00e5gonting. <i>Det d\u00e4r var ingen s\u00e4rskilt originell \u00e5sikt.<\/i><\/p>\n<p>En del s\u00e4rskilt sm\u00e5 m\u00e4nniskor skriver \u201dPK\u201d ocks\u00e5, men den h\u00f6gerklyschan gl\u00f6mmer vi.<\/p>\n<p>Ledsen, men det var l\u00e4ngesedan jag f\u00f6rs\u00f6kte vara originell. Under h\u00f6gstadiet i \u00c5svallaskolan h\u00e4nde det att jag f\u00f6rs\u00f6kte utm\u00e4rka mig p\u00e5 det viset, men man mognar. Folk som minns p\u00e5st\u00e5r att jag gick omkring med teskedar i fickan, vad nu det skulle vara bra f\u00f6r.<\/p>\n<p><b>En annan sorts kappv\u00e4ndare<br \/>\n<\/b>Om hela v\u00e4rlden tycker som jag? Jamen s\u00e5 bra d\u00e5. Det \u00e4r ju dit vi vill, vi som \u00e4r demokrater och inte elitt\u00e4nkare. Mina \u00e5sikter v\u00e4ljer jag inte utifr\u00e5n om de kr\u00e4ver mod eller inte. En del av det jag tyckt genom \u00e5ren har jag sagt eller skrivit fast jag var r\u00e4dd, det ska gudarna veta, men m\u00e5let \u00e4r inte att bli r\u00e4dd. Allt b\u00f6rjar med mina grundl\u00e4ggande v\u00e4rderingar, min klasst\u00e5ndpunkt om du s\u00e5 vill.<\/p>\n<p style=\"padding-left: 30px;\"><strong>Visar mod g\u00f6r den som st\u00e4ller sig framf\u00f6r ett framrusande \u00e5nglok ocks\u00e5, fast jag till\u00e5ter mig tvivla p\u00e5 hans f\u00f6rst\u00e5nd och taktiska omd\u00f6me. Hur originellt det \u00e4n kan verka. Att st\u00e4ndigt f\u00f6rs\u00f6ka sl\u00e5ss i motvind \u00e4r bara ett annat s\u00e4tt att v\u00e4nda kappan efter vinden.<\/strong><\/p>\n<p>F\u00f6r m\u00e5nga \u00e5r sedan blev jag intervjuad av en journalist som gjorde hemma hos-reportage hos oss. <i>Men va\u2019 vanligt\u2026<\/i> sa den kloka reportern n\u00e4r hon fick se v\u00e5rt hem.<\/p>\n<p>Hon f\u00f6rstod aldrig att f\u00f6r oss var det ett bra betyg.<\/p>\n","protected":false},"excerpt":{"rendered":"<p>Det d\u00e4r kr\u00e4ver v\u00e4l inget mod, s\u00e4ger n\u00e5gon, n\u00e4r en medm\u00e4nniska har tyckt n\u00e5gonting. Det d\u00e4r var ingen s\u00e4rskilt originell \u00e5sikt. En del s\u00e4rskilt sm\u00e5 m\u00e4nniskor skriver \u201dPK\u201d ocks\u00e5, men den h\u00f6gerklyschan gl\u00f6mmer vi. Ledsen, men det var l\u00e4ngesedan jag f\u00f6rs\u00f6kte vara originell. Under h\u00f6gstadiet i \u00c5svallaskolan h\u00e4nde det att jag f\u00f6rs\u00f6kte utm\u00e4rka mig p\u00e5 &hellip; <a href=\"https:\/\/sven-ove.nu\/?p=8626\" class=\"more-link\">Forts\u00e4tt l\u00e4sa <span class=\"screen-reader-text\">&#8221;Det d\u00e4r var v\u00e4l inget modigt&#8221;<\/span><\/a><\/p>\n","protected":false},"author":1,"featured_media":0,"comment_status":"open","ping_status":"open","sticky":false,"template":"","format":"standard","meta":{"_crdt_document":"","_monsterinsights_skip_tracking":false,"_monsterinsights_sitenote_active":false,"_monsterinsights_sitenote_note":"","_monsterinsights_sitenote_category":0,"footnotes":""},"categories":[10],"tags":[18],"class_list":["post-8626","post","type-post","status-publish","format-standard","hentry","category-familjen","tag-lardomar"],"_links":{"self":[{"href":"https:\/\/sven-ove.nu\/index.php?rest_route=\/wp\/v2\/posts\/8626","targetHints":{"allow":["GET"]}}],"collection":[{"href":"https:\/\/sven-ove.nu\/index.php?rest_route=\/wp\/v2\/posts"}],"about":[{"href":"https:\/\/sven-ove.nu\/index.php?rest_route=\/wp\/v2\/types\/post"}],"author":[{"embeddable":true,"href":"https:\/\/sven-ove.nu\/index.php?rest_route=\/wp\/v2\/users\/1"}],"replies":[{"embeddable":true,"href":"https:\/\/sven-ove.nu\/index.php?rest_route=%2Fwp%2Fv2%2Fcomments&post=8626"}],"version-history":[{"count":6,"href":"https:\/\/sven-ove.nu\/index.php?rest_route=\/wp\/v2\/posts\/8626\/revisions"}],"predecessor-version":[{"id":8633,"href":"https:\/\/sven-ove.nu\/index.php?rest_route=\/wp\/v2\/posts\/8626\/revisions\/8633"}],"wp:attachment":[{"href":"https:\/\/sven-ove.nu\/index.php?rest_route=%2Fwp%2Fv2%2Fmedia&parent=8626"}],"wp:term":[{"taxonomy":"category","embeddable":true,"href":"https:\/\/sven-ove.nu\/index.php?rest_route=%2Fwp%2Fv2%2Fcategories&post=8626"},{"taxonomy":"post_tag","embeddable":true,"href":"https:\/\/sven-ove.nu\/index.php?rest_route=%2Fwp%2Fv2%2Ftags&post=8626"}],"curies":[{"name":"wp","href":"https:\/\/api.w.org\/{rel}","templated":true}]}}