{"id":8658,"date":"2014-04-18T03:00:07","date_gmt":"2014-04-18T02:00:07","guid":{"rendered":"http:\/\/sven-ove.nu\/?p=8658"},"modified":"2014-04-03T15:08:50","modified_gmt":"2014-04-03T14:08:50","slug":"behandlade-han-inte-alla-lika","status":"publish","type":"post","link":"https:\/\/sven-ove.nu\/?p=8658","title":{"rendered":"Behandlade han inte alla lika?"},"content":{"rendered":"<p>L\u00e5ngfredag. Jag kan ju inte p\u00e5st\u00e5 att jag kommer att g\u00e5 i kyrkan i dag heller. Men \u00e4r det n\u00e5got han var, han som de korsf\u00e4ste i Jerusalem, s\u00e5 var det antirasist.<\/p>\n<p>Vad du \u00e4n tror p\u00e5, s\u00e5 tycker jag du ska klicka p\u00e5 de tv\u00e5 l\u00e4nkarna. F\u00f6rsta l\u00e4nken \u00e4r till en antirasistisk grupp p\u00e5 facebook. Sist jag tittade var vi n\u00e4ra 9 000 medlemmar. Klicka och g\u00e5 g\u00e4rna med, du ocks\u00e5.<br \/>\n<a href=\"https:\/\/www.facebook.com\/groups\/frontmotrasism\/\">Facebookgruppen Front mot rasism och fascism<\/a><\/p>\n<p><a href=\"https:\/\/sven-ove.nu\/wp-content\/uploads\/2014\/04\/Antirasism.jpg\"><img loading=\"lazy\" decoding=\"async\" class=\"alignright size-thumbnail wp-image-8660\" alt=\"Antirasism\" src=\"https:\/\/sven-ove.nu\/wp-content\/uploads\/2014\/04\/Antirasism-150x150.jpg\" width=\"150\" height=\"150\" \/><\/a>Finns du inte p\u00e5 facebook kanske du kan klicka p\u00e5 den h\u00e4r l\u00e4nken och l\u00e4sa en debattartikel av styrelsen f\u00f6r gruppen?<br \/>\n<a href=\"http:\/\/www.landetsfria.se\/artikel\/113713\">Polisen m\u00e5ste kunna garantera \u00e5siktsfrihet och demonstrationsr\u00e4tt<\/a><\/p>\n<p>M\u00e4nniskov\u00e4rdet \u00e4r ett och okr\u00e4nkbart.<\/p>\n","protected":false},"excerpt":{"rendered":"<p>L\u00e5ngfredag. Jag kan ju inte p\u00e5st\u00e5 att jag kommer att g\u00e5 i kyrkan i dag heller. Men \u00e4r det n\u00e5got han var, han som de korsf\u00e4ste i Jerusalem, s\u00e5 var det antirasist. Vad du \u00e4n tror p\u00e5, s\u00e5 tycker jag du ska klicka p\u00e5 de tv\u00e5 l\u00e4nkarna. F\u00f6rsta l\u00e4nken \u00e4r till en antirasistisk grupp p\u00e5 &hellip; <a href=\"https:\/\/sven-ove.nu\/?p=8658\" class=\"more-link\">Forts\u00e4tt l\u00e4sa <span class=\"screen-reader-text\">Behandlade han inte alla lika?<\/span><\/a><\/p>\n","protected":false},"author":1,"featured_media":0,"comment_status":"open","ping_status":"open","sticky":false,"template":"","format":"standard","meta":{"_crdt_document":"","_monsterinsights_skip_tracking":false,"_monsterinsights_sitenote_active":false,"_monsterinsights_sitenote_note":"","_monsterinsights_sitenote_category":0,"footnotes":""},"categories":[9],"tags":[24,17],"class_list":["post-8658","post","type-post","status-publish","format-standard","hentry","category-politik","tag-karlek","tag-solidaritet"],"_links":{"self":[{"href":"https:\/\/sven-ove.nu\/index.php?rest_route=\/wp\/v2\/posts\/8658","targetHints":{"allow":["GET"]}}],"collection":[{"href":"https:\/\/sven-ove.nu\/index.php?rest_route=\/wp\/v2\/posts"}],"about":[{"href":"https:\/\/sven-ove.nu\/index.php?rest_route=\/wp\/v2\/types\/post"}],"author":[{"embeddable":true,"href":"https:\/\/sven-ove.nu\/index.php?rest_route=\/wp\/v2\/users\/1"}],"replies":[{"embeddable":true,"href":"https:\/\/sven-ove.nu\/index.php?rest_route=%2Fwp%2Fv2%2Fcomments&post=8658"}],"version-history":[{"count":3,"href":"https:\/\/sven-ove.nu\/index.php?rest_route=\/wp\/v2\/posts\/8658\/revisions"}],"predecessor-version":[{"id":8684,"href":"https:\/\/sven-ove.nu\/index.php?rest_route=\/wp\/v2\/posts\/8658\/revisions\/8684"}],"wp:attachment":[{"href":"https:\/\/sven-ove.nu\/index.php?rest_route=%2Fwp%2Fv2%2Fmedia&parent=8658"}],"wp:term":[{"taxonomy":"category","embeddable":true,"href":"https:\/\/sven-ove.nu\/index.php?rest_route=%2Fwp%2Fv2%2Fcategories&post=8658"},{"taxonomy":"post_tag","embeddable":true,"href":"https:\/\/sven-ove.nu\/index.php?rest_route=%2Fwp%2Fv2%2Ftags&post=8658"}],"curies":[{"name":"wp","href":"https:\/\/api.w.org\/{rel}","templated":true}]}}