{"id":8725,"date":"2014-04-25T03:00:04","date_gmt":"2014-04-25T02:00:04","guid":{"rendered":"http:\/\/sven-ove.nu\/?p=8725"},"modified":"2014-04-24T21:48:28","modified_gmt":"2014-04-24T20:48:28","slug":"varje-gang-ser-jag-det","status":"publish","type":"post","link":"https:\/\/sven-ove.nu\/?p=8725","title":{"rendered":"Varje g\u00e5ng ser jag det"},"content":{"rendered":"<p><a href=\"https:\/\/sven-ove.nu\/wp-content\/uploads\/2014\/04\/\u00c4r-aldrig-ensam.jpg\"><img loading=\"lazy\" decoding=\"async\" class=\"alignright size-large wp-image-8730\" alt=\"\u00c4r aldrig ensam\" src=\"https:\/\/sven-ove.nu\/wp-content\/uploads\/2014\/04\/\u00c4r-aldrig-ensam-1024x387.jpg\" width=\"640\" height=\"241\" srcset=\"https:\/\/sven-ove.nu\/wp-content\/uploads\/2014\/04\/\u00c4r-aldrig-ensam-1024x387.jpg 1024w, https:\/\/sven-ove.nu\/wp-content\/uploads\/2014\/04\/\u00c4r-aldrig-ensam-300x113.jpg 300w\" sizes=\"auto, (max-width: 640px) 100vw, 640px\" \/><\/a><\/p>\n<p><strong>Betraktelse fr\u00e5n Lanzarote (veckorna f\u00f6re p\u00e5sk), nr 4\u00a0<\/strong><br \/>\nVarje g\u00e5ng jag reser s\u00e5 ser jag Sverige tydligare. Sverige, mig sj\u00e4lv och v\u00e4rlden.<\/p>\n<p>Vi har aldrig varit isolerade. M\u00e4nskligheten, dess mer \u00e4ventyrliga individer, vill aldrig vara det. Minns jag r\u00e4tt s\u00e5 kom brons\u00e5lderns koppar fr\u00e5n gruvor i Spanien och tennet fr\u00e5n England. V\u00e4stkustens h\u00e4llristningar visar samma motiv som samtidigt ristades p\u00e5 m\u00e5nga andra h\u00e5ll i Europa. V\u00e5ra v\u00e4nner vikingarna for glatt till S\u00e4rkland och blev livvakter i Miklag\u00e5rd.<\/p>\n<p>Jordklotet \u00e4r runt och det g\u00e5r att r\u00f6ra p\u00e5 sig. Samma personer som p\u00e5st\u00e5r att eksh\u00e4radsdialekten beror p\u00e5 isolering h\u00e4vdar g\u00e4rna i n\u00e4sta mening att vart du \u00e4n kommer i v\u00e4rlden, s\u00e5 st\u00f6ter du p\u00e5 en eksh\u00e4ring.<\/p>\n<p><b>Gud bevare r\u00f6rligheten<br \/>\n<\/b>Jag tror folk har rest i alla tider. Vissa har gjort det. Vimlar inte norra V\u00e4rmland av namn p\u00e5 berg och \u00e5krar, givna av inresta medm\u00e4nniskor fr\u00e5n v\u00e5r finska rikshalva? H\u00f6g stod svedjer\u00e5gen, n\u00e4verskorna kom till nytta, allra sist n\u00e4r du fyllde dem med sand och skurade k\u00f6ket. Exakt hur vet jag inte riktigt.<\/p>\n<p style=\"padding-left: 30px;\"><strong><a href=\"https:\/\/sven-ove.nu\/wp-content\/uploads\/2014\/04\/Bygata.jpg\"><img loading=\"lazy\" decoding=\"async\" class=\"alignright size-medium wp-image-8731\" alt=\"Bygata\" src=\"https:\/\/sven-ove.nu\/wp-content\/uploads\/2014\/04\/Bygata-250x300.jpg\" width=\"250\" height=\"300\" srcset=\"https:\/\/sven-ove.nu\/wp-content\/uploads\/2014\/04\/Bygata-250x300.jpg 250w, https:\/\/sven-ove.nu\/wp-content\/uploads\/2014\/04\/Bygata-853x1024.jpg 853w, https:\/\/sven-ove.nu\/wp-content\/uploads\/2014\/04\/Bygata.jpg 1550w\" sizes=\"auto, (max-width: 250px) 100vw, 250px\" \/><\/a>St\u00e5r det inte en invandrare bakom disken i var och varannan kiosk eller pizzeria i v\u00e5rt land i dag? Gud bevare den r\u00f6rligheten. Den har n\u00e5gonting att ber\u00e4tta.<\/strong><\/p>\n<p>N\u00e4r stora delar av Lanzarote dr\u00e4nktes av lava och vulkanaska p\u00e5 1700-talet flyttade m\u00e5nga av dess inv\u00e5nare till Latinamerika. I dag p\u00e5 den kanariska \u00f6n Gomera tar de emot sl\u00e4ktingar till dem som en g\u00e5ng emigrerade till samma Sydamerika. Nu flyttar de tillbaka. Spr\u00e5ket \u00e4r det samma, erfarenheterna nya. Flera generationers erfarenheter.<\/p>\n<p><b>En ovanlig syssla<br \/>\n<\/b>Min egen sl\u00e4kt har r\u00f6rt sig korta avst\u00e5nd v\u00e4ster om Karlstad, ena grenen. Generation efter generation har de klivit \u00f6sterut, n\u00e5gon kilometer i taget, pigorna, torparna och dr\u00e4ngarna. En var n\u00e5got s\u00e5 ovanligt som plogsmed, den titeln hade inte forskarna sett f\u00f6rut. Sedan fick f\u00f6rf\u00e4derna snickartumme. Andra kom fr\u00e5n g\u00e5rdar i V\u00e4stmanland men ocks\u00e5 fr\u00e5n finskspr\u00e5kiga skogar p\u00e5 Dalasidan.<\/p>\n<p>En tr\u00e4sked har jag kvar fr\u00e5n Tyngsj\u00f6s h\u00f6jder. Den anv\u00e4nde hon som tyckte att hon br\u00e4nde sig i munnen n\u00e4r metallskeden kom. Jag tycker om den ber\u00e4ttelsen. Vem har inte br\u00e4nt sig?<\/p>\n<p>Hoppas att kulturbevararna i \u00d6stmark b\u00f6rjar med svedjebruk snart. L\u00e4st nyss i tidskriften <a href=\"http:\/\/www.varmlandsk-kultur.com\/index2.php\">V\u00e4rml\u00e4ndsk kultur<\/a> att de vill det. Det finns s\u00e5 mycket att l\u00e4ra av den backspegeln i gul\u00e4rlornas land. Entusiasterna har b\u00f6rjat h\u00e4vda Juholas nord\u00e5ker, <i>pohjanpeldo<\/i>, igen. Nu har nattviolen kommit tillbaka till omr\u00e5det och gul\u00e4rlan blivit karakt\u00e4rsf\u00e5gel.<\/p>\n<p style=\"padding-left: 30px;\"><strong>Vi \u00e4r inte ensamma p\u00e5 detta runda, vackra klot. Vi \u00e4r en m\u00e4nsklighet, en enda. Ett piggt, r\u00f6rligt och uppfinningsrikt sl\u00e4kte som finner sin n\u00e4ring, ibland p\u00e5 vulkanernas sluttningar, ibland ur Juha Erkkinpoikkas nord\u00e5ker.<\/strong><\/p>\n<p style=\"padding-left: 30px;\"><strong>Br\u00e4nn skogen vet jag, om ni f\u00e5r, och s\u00e5 er svedjer\u00e5g i askan. Jag har tr\u00e4sked.<\/strong><\/p>\n","protected":false},"excerpt":{"rendered":"<p>Betraktelse fr\u00e5n Lanzarote (veckorna f\u00f6re p\u00e5sk), nr 4\u00a0 Varje g\u00e5ng jag reser s\u00e5 ser jag Sverige tydligare. Sverige, mig sj\u00e4lv och v\u00e4rlden. Vi har aldrig varit isolerade. M\u00e4nskligheten, dess mer \u00e4ventyrliga individer, vill aldrig vara det. Minns jag r\u00e4tt s\u00e5 kom brons\u00e5lderns koppar fr\u00e5n gruvor i Spanien och tennet fr\u00e5n England. V\u00e4stkustens h\u00e4llristningar visar samma &hellip; <a href=\"https:\/\/sven-ove.nu\/?p=8725\" class=\"more-link\">Forts\u00e4tt l\u00e4sa <span class=\"screen-reader-text\">Varje g\u00e5ng ser jag det<\/span><\/a><\/p>\n","protected":false},"author":1,"featured_media":0,"comment_status":"open","ping_status":"open","sticky":false,"template":"","format":"standard","meta":{"_crdt_document":"","_monsterinsights_skip_tracking":false,"_monsterinsights_sitenote_active":false,"_monsterinsights_sitenote_note":"","_monsterinsights_sitenote_category":0,"footnotes":""},"categories":[6],"tags":[3,8,25,18],"class_list":["post-8725","post","type-post","status-publish","format-standard","hentry","category-natur","tag-arbete","tag-historia","tag-kartan","tag-lardomar"],"_links":{"self":[{"href":"https:\/\/sven-ove.nu\/index.php?rest_route=\/wp\/v2\/posts\/8725","targetHints":{"allow":["GET"]}}],"collection":[{"href":"https:\/\/sven-ove.nu\/index.php?rest_route=\/wp\/v2\/posts"}],"about":[{"href":"https:\/\/sven-ove.nu\/index.php?rest_route=\/wp\/v2\/types\/post"}],"author":[{"embeddable":true,"href":"https:\/\/sven-ove.nu\/index.php?rest_route=\/wp\/v2\/users\/1"}],"replies":[{"embeddable":true,"href":"https:\/\/sven-ove.nu\/index.php?rest_route=%2Fwp%2Fv2%2Fcomments&post=8725"}],"version-history":[{"count":6,"href":"https:\/\/sven-ove.nu\/index.php?rest_route=\/wp\/v2\/posts\/8725\/revisions"}],"predecessor-version":[{"id":8734,"href":"https:\/\/sven-ove.nu\/index.php?rest_route=\/wp\/v2\/posts\/8725\/revisions\/8734"}],"wp:attachment":[{"href":"https:\/\/sven-ove.nu\/index.php?rest_route=%2Fwp%2Fv2%2Fmedia&parent=8725"}],"wp:term":[{"taxonomy":"category","embeddable":true,"href":"https:\/\/sven-ove.nu\/index.php?rest_route=%2Fwp%2Fv2%2Fcategories&post=8725"},{"taxonomy":"post_tag","embeddable":true,"href":"https:\/\/sven-ove.nu\/index.php?rest_route=%2Fwp%2Fv2%2Ftags&post=8725"}],"curies":[{"name":"wp","href":"https:\/\/api.w.org\/{rel}","templated":true}]}}