{"id":8786,"date":"2014-05-01T03:00:07","date_gmt":"2014-05-01T02:00:07","guid":{"rendered":"http:\/\/sven-ove.nu\/?p=8786"},"modified":"2014-04-30T16:02:57","modified_gmt":"2014-04-30T15:02:57","slug":"om-vikten-av-att-ha-en-bra-oversattare-pa-lonelistan","status":"publish","type":"post","link":"https:\/\/sven-ove.nu\/?p=8786","title":{"rendered":"Vill vi ha j\u00e4mlikhet kan vi inte l\u00e5ta samh\u00e4llet vara ifred"},"content":{"rendered":"<p>H\u00e4r \u00e4r en l\u00e4nk till en l\u00e4sv\u00e4rd artikel, aprop\u00e5 h\u00f6gtidsdagen f\u00f6rsta maj. G\u00f6ran Greiders ledare i Dagens ETC:<\/p>\n<p><a href=\"http:\/\/www.etc.se\/ledare\/lamna-aldrig-samhallet-ifred\">L\u00e4mna aldrig samh\u00e4llet ifred<\/a><\/p>\n<p><a href=\"https:\/\/sven-ove.nu\/wp-content\/uploads\/2014\/05\/Paradis\u00e4ppeltr\u00e4det-vitt.jpg\"><img loading=\"lazy\" decoding=\"async\" class=\"alignright size-medium wp-image-8793\" alt=\"Paradis\u00e4ppeltr\u00e4det vitt\" src=\"https:\/\/sven-ove.nu\/wp-content\/uploads\/2014\/05\/Paradis\u00e4ppeltr\u00e4det-vitt-300x179.jpg\" width=\"300\" height=\"179\" srcset=\"https:\/\/sven-ove.nu\/wp-content\/uploads\/2014\/05\/Paradis\u00e4ppeltr\u00e4det-vitt-300x179.jpg 300w, https:\/\/sven-ove.nu\/wp-content\/uploads\/2014\/05\/Paradis\u00e4ppeltr\u00e4det-vitt-1024x613.jpg 1024w\" sizes=\"auto, (max-width: 300px) 100vw, 300px\" \/><\/a>Greider \u00e4r en klok person. G\u00e5 ut och demonstrera nu.\u00a0Fredligt men kraftfullt.<\/p>\n<p style=\"padding-left: 30px;\"><em>Bilden \u00e4r fr\u00e5n ett annat \u00e5r.\u00a0Men vem har sagt att vi inte kan skapa ett samh\u00e4lle som blommar, likt ett paradis\u00e4ppeltr\u00e4d?<\/em><\/p>\n","protected":false},"excerpt":{"rendered":"<p>H\u00e4r \u00e4r en l\u00e4nk till en l\u00e4sv\u00e4rd artikel, aprop\u00e5 h\u00f6gtidsdagen f\u00f6rsta maj. G\u00f6ran Greiders ledare i Dagens ETC: L\u00e4mna aldrig samh\u00e4llet ifred Greider \u00e4r en klok person. G\u00e5 ut och demonstrera nu.\u00a0Fredligt men kraftfullt. Bilden \u00e4r fr\u00e5n ett annat \u00e5r.\u00a0Men vem har sagt att vi inte kan skapa ett samh\u00e4lle som blommar, likt ett paradis\u00e4ppeltr\u00e4d?<\/p>\n","protected":false},"author":1,"featured_media":0,"comment_status":"open","ping_status":"open","sticky":false,"template":"","format":"standard","meta":{"_crdt_document":"","_monsterinsights_skip_tracking":false,"_monsterinsights_sitenote_active":false,"_monsterinsights_sitenote_note":"","_monsterinsights_sitenote_category":0,"footnotes":""},"categories":[9],"tags":[3,16,8,18,14,17],"class_list":["post-8786","post","type-post","status-publish","format-standard","hentry","category-politik","tag-arbete","tag-dumheter","tag-historia","tag-lardomar","tag-lasning","tag-solidaritet"],"_links":{"self":[{"href":"https:\/\/sven-ove.nu\/index.php?rest_route=\/wp\/v2\/posts\/8786","targetHints":{"allow":["GET"]}}],"collection":[{"href":"https:\/\/sven-ove.nu\/index.php?rest_route=\/wp\/v2\/posts"}],"about":[{"href":"https:\/\/sven-ove.nu\/index.php?rest_route=\/wp\/v2\/types\/post"}],"author":[{"embeddable":true,"href":"https:\/\/sven-ove.nu\/index.php?rest_route=\/wp\/v2\/users\/1"}],"replies":[{"embeddable":true,"href":"https:\/\/sven-ove.nu\/index.php?rest_route=%2Fwp%2Fv2%2Fcomments&post=8786"}],"version-history":[{"count":6,"href":"https:\/\/sven-ove.nu\/index.php?rest_route=\/wp\/v2\/posts\/8786\/revisions"}],"predecessor-version":[{"id":8794,"href":"https:\/\/sven-ove.nu\/index.php?rest_route=\/wp\/v2\/posts\/8786\/revisions\/8794"}],"wp:attachment":[{"href":"https:\/\/sven-ove.nu\/index.php?rest_route=%2Fwp%2Fv2%2Fmedia&parent=8786"}],"wp:term":[{"taxonomy":"category","embeddable":true,"href":"https:\/\/sven-ove.nu\/index.php?rest_route=%2Fwp%2Fv2%2Fcategories&post=8786"},{"taxonomy":"post_tag","embeddable":true,"href":"https:\/\/sven-ove.nu\/index.php?rest_route=%2Fwp%2Fv2%2Ftags&post=8786"}],"curies":[{"name":"wp","href":"https:\/\/api.w.org\/{rel}","templated":true}]}}