{"id":8800,"date":"2014-05-03T03:00:55","date_gmt":"2014-05-03T02:00:55","guid":{"rendered":"http:\/\/sven-ove.nu\/?p=8800"},"modified":"2014-05-02T22:54:54","modified_gmt":"2014-05-02T21:54:54","slug":"alskade-klockor-i-smalands-jerusalem","status":"publish","type":"post","link":"https:\/\/sven-ove.nu\/?p=8800","title":{"rendered":"\u00c4lskade klockor i Sm\u00e5lands Jerusalem"},"content":{"rendered":"<p>J\u00f6nk\u00f6pings kyrkklockor ringer. Fara \u00e5 f\u00e4rde. F\u00f6r f\u00f6rsta g\u00e5ngen sedan 1939 varnar klockorna stadsborna f\u00f6r fara. Den \u00e4r brun den faran. Tillvaron har humor, f\u00f6r de bruna \u00e4r vita och r\u00e4dda f\u00f6r allt som \u00e4r brunt s\u00e5 l\u00e4nge det sitter i skinnet.<\/p>\n<p style=\"padding-left: 30px;\"><strong>Klockorna ringer. Det l\u00e5ter av Bergspredikan i de klockornas d\u00e5n. Andra predikningar med kan du h\u00f6ra, om du lyssnar noga. Ord om k\u00e4rlek och medm\u00e4nsklighet. Allt vad I viljen att m\u00e4nniskorna skola g\u00f6ra Eder, det skolen I och g\u00f6ra dem.<\/strong><\/p>\n<p>De bruna demonstrerar. De f\u00f6rs\u00f6ker demonstrera, stj\u00e4la en dag som inte \u00e4r deras, en luft som inte \u00e4r det. Framf\u00f6r dem p\u00e5 gatan sitter m\u00e4nniskor av alla f\u00e4rger och hindrar folkf\u00f6raktets marsch. H\u00e4starna har visir, polism\u00e4nnen sina vapen. P\u00e5 gatan sitter medm\u00e4nskligheten vapenl\u00f6s och lyssnar till klockklangen. Medm\u00e4nskligheten sitter i v\u00e4gen, de bruna dirigeras om. J\u00f6nk\u00f6ping har aldrig varit mig s\u00e5 k\u00e4rt som den stunden och d\u00e5 har jag \u00e4nd\u00e5 \u00e4lskat den staden.<\/p>\n<p>Dirigera om dem varje stund. Ring, klockor, det \u00e4r en farlig stund, men k\u00e4rleken segrar p\u00e5 Barnarpsgatan och V\u00e4stra torget. Vet du d\u00e5 inte att jag vill vara d\u00e4r v\u00e5r k\u00e4rlek d\u00e5nar \u00f6ver nejden? K\u00e4rleken p\u00e5 J\u00f6nk\u00f6pings gator den f\u00f6rsta maj 2014 \u00e4r inte f\u00f6rsiktig. Den \u00e4r medveten, stark, r\u00f6d, bred och varm och ber inte om urs\u00e4kt f\u00f6r att den finns.<\/p>\n<p style=\"padding-left: 30px;\"><strong>H\u00e4r g\u00e5r gr\u00e4nsen. Kom inte hit. D\u00e5 skickar vi pr\u00e4sten p\u00e5 er. Han kan mer psalmer \u00e4n ni n\u00e5gonsin har slagord till. H\u00e4r har klockorna ringt i m\u00e5nga hundra \u00e5r. De kan ringa m\u00e5nga timmar till.<\/strong><\/p>\n<p style=\"padding-left: 30px;\"><strong>Folket i J\u00f6nk\u00f6ping kan b\u00e5de psalmer och andra visor.<br \/>\n<\/strong><strong>Kom inte hit.<\/strong><\/p>\n","protected":false},"excerpt":{"rendered":"<p>J\u00f6nk\u00f6pings kyrkklockor ringer. Fara \u00e5 f\u00e4rde. F\u00f6r f\u00f6rsta g\u00e5ngen sedan 1939 varnar klockorna stadsborna f\u00f6r fara. Den \u00e4r brun den faran. Tillvaron har humor, f\u00f6r de bruna \u00e4r vita och r\u00e4dda f\u00f6r allt som \u00e4r brunt s\u00e5 l\u00e4nge det sitter i skinnet. Klockorna ringer. Det l\u00e5ter av Bergspredikan i de klockornas d\u00e5n. Andra predikningar med &hellip; <a href=\"https:\/\/sven-ove.nu\/?p=8800\" class=\"more-link\">Forts\u00e4tt l\u00e4sa <span class=\"screen-reader-text\">\u00c4lskade klockor i Sm\u00e5lands Jerusalem<\/span><\/a><\/p>\n","protected":false},"author":1,"featured_media":0,"comment_status":"open","ping_status":"open","sticky":false,"template":"","format":"standard","meta":{"_crdt_document":"","_monsterinsights_skip_tracking":false,"_monsterinsights_sitenote_active":false,"_monsterinsights_sitenote_note":"","_monsterinsights_sitenote_category":0,"footnotes":""},"categories":[9],"tags":[24,17],"class_list":["post-8800","post","type-post","status-publish","format-standard","hentry","category-politik","tag-karlek","tag-solidaritet"],"_links":{"self":[{"href":"https:\/\/sven-ove.nu\/index.php?rest_route=\/wp\/v2\/posts\/8800","targetHints":{"allow":["GET"]}}],"collection":[{"href":"https:\/\/sven-ove.nu\/index.php?rest_route=\/wp\/v2\/posts"}],"about":[{"href":"https:\/\/sven-ove.nu\/index.php?rest_route=\/wp\/v2\/types\/post"}],"author":[{"embeddable":true,"href":"https:\/\/sven-ove.nu\/index.php?rest_route=\/wp\/v2\/users\/1"}],"replies":[{"embeddable":true,"href":"https:\/\/sven-ove.nu\/index.php?rest_route=%2Fwp%2Fv2%2Fcomments&post=8800"}],"version-history":[{"count":5,"href":"https:\/\/sven-ove.nu\/index.php?rest_route=\/wp\/v2\/posts\/8800\/revisions"}],"predecessor-version":[{"id":8805,"href":"https:\/\/sven-ove.nu\/index.php?rest_route=\/wp\/v2\/posts\/8800\/revisions\/8805"}],"wp:attachment":[{"href":"https:\/\/sven-ove.nu\/index.php?rest_route=%2Fwp%2Fv2%2Fmedia&parent=8800"}],"wp:term":[{"taxonomy":"category","embeddable":true,"href":"https:\/\/sven-ove.nu\/index.php?rest_route=%2Fwp%2Fv2%2Fcategories&post=8800"},{"taxonomy":"post_tag","embeddable":true,"href":"https:\/\/sven-ove.nu\/index.php?rest_route=%2Fwp%2Fv2%2Ftags&post=8800"}],"curies":[{"name":"wp","href":"https:\/\/api.w.org\/{rel}","templated":true}]}}