{"id":8807,"date":"2014-05-05T03:00:39","date_gmt":"2014-05-05T02:00:39","guid":{"rendered":"http:\/\/sven-ove.nu\/?p=8807"},"modified":"2014-05-04T13:26:06","modified_gmt":"2014-05-04T12:26:06","slug":"den-hetsen-deltar-jag-inte-i","status":"publish","type":"post","link":"https:\/\/sven-ove.nu\/?p=8807","title":{"rendered":"Den hetsen deltar jag inte i"},"content":{"rendered":"<p><a href=\"https:\/\/sven-ove.nu\/wp-content\/uploads\/2014\/05\/Alla-f\u00e5r-plats.jpg\"><img loading=\"lazy\" decoding=\"async\" class=\"alignright size-full wp-image-8809\" alt=\"Alla f\u00e5r plats\" src=\"https:\/\/sven-ove.nu\/wp-content\/uploads\/2014\/05\/Alla-f\u00e5r-plats.jpg\" width=\"250\" height=\"272\" \/><\/a>Det klagas p\u00e5 poliser i olika debattforum d\u00e4r jag r\u00f6r mig. Visst, man kan fundera p\u00e5 om det var r\u00e4tt att ge nazisterna demonstrationstillst\u00e5nd i J\u00f6nk\u00f6ping f\u00f6rsta maj. Man kan skaka sitt huvud \u00e5t den lilla polisstyrka som d\u00f6k upp vid f\u00f6rsta K\u00e4rrtorpsdemonstrationen, n\u00e4r nazisterna anf\u00f6ll.<\/p>\n<p>Det hindrar inte att jag k\u00e4nner m\u00e5nga poliser som har helt andra v\u00e4rderingar \u00e4n de som vissa debatt\u00f6rer antyder. Poliser som \u00e4r kloka, skickliga yrkesm\u00e4n och som i vissa fall \u00e4gnar sig \u00e5t b\u00e5de partipolitik och antirasism p\u00e5 sin fritid. H\u00e4r p\u00e5 trakten har vi goda exempel p\u00e5 det.<\/p>\n<p>Antipolishetsen vill jag inte delta i.<\/p>\n<p>Journalister \u00e4r en annan grupp det klagas p\u00e5. Visst, taboloidiseringen och snuttifieringen har skadat det journalistiska skrivandet. Sensationslystnaden och den grunda analysen finns d\u00e4r. Att lokalredaktion efter lokalredaktion l\u00e4ggs ner skadar demokratin.<\/p>\n<p>Men det finns ocks\u00e5 motkrafter. Peter Frankes ledare i V\u00e4rmlands Folkblad, G\u00f6ran Greiders i Dagens ETC och p\u00e5 andra h\u00e5ll. V\u00e4rmlands Folkblad och Nya Wermlands-Tidningen som st\u00e4llde upp med b\u00e5de f\u00f6rhandsartiklar och gratis helsidesannonser inf\u00f6r den stora m\u00e5ngfaldsmanifestationen i Karlstad i december. J\u00f6nk\u00f6pings-Postens och den \u00f6vriga Hallpressens kampanj Alla f\u00e5r plats.<\/p>\n<p>Jag har aldrig tr\u00e4ffat en enda journalist som varit rasist.<\/p>\n<p style=\"padding-left: 30px;\"><em>Bilden fr\u00e5n J\u00f6nk\u00f6pings-Postens webbplats.<\/em><\/p>\n","protected":false},"excerpt":{"rendered":"<p>Det klagas p\u00e5 poliser i olika debattforum d\u00e4r jag r\u00f6r mig. Visst, man kan fundera p\u00e5 om det var r\u00e4tt att ge nazisterna demonstrationstillst\u00e5nd i J\u00f6nk\u00f6ping f\u00f6rsta maj. Man kan skaka sitt huvud \u00e5t den lilla polisstyrka som d\u00f6k upp vid f\u00f6rsta K\u00e4rrtorpsdemonstrationen, n\u00e4r nazisterna anf\u00f6ll. Det hindrar inte att jag k\u00e4nner m\u00e5nga poliser som &hellip; <a href=\"https:\/\/sven-ove.nu\/?p=8807\" class=\"more-link\">Forts\u00e4tt l\u00e4sa <span class=\"screen-reader-text\">Den hetsen deltar jag inte i<\/span><\/a><\/p>\n","protected":false},"author":1,"featured_media":0,"comment_status":"open","ping_status":"open","sticky":false,"template":"","format":"standard","meta":{"_crdt_document":"","_monsterinsights_skip_tracking":false,"_monsterinsights_sitenote_active":false,"_monsterinsights_sitenote_note":"","_monsterinsights_sitenote_category":0,"footnotes":""},"categories":[9,4],"tags":[3,15],"class_list":["post-8807","post","type-post","status-publish","format-standard","hentry","category-politik","category-skrivande","tag-arbete","tag-mediedjungeln"],"_links":{"self":[{"href":"https:\/\/sven-ove.nu\/index.php?rest_route=\/wp\/v2\/posts\/8807","targetHints":{"allow":["GET"]}}],"collection":[{"href":"https:\/\/sven-ove.nu\/index.php?rest_route=\/wp\/v2\/posts"}],"about":[{"href":"https:\/\/sven-ove.nu\/index.php?rest_route=\/wp\/v2\/types\/post"}],"author":[{"embeddable":true,"href":"https:\/\/sven-ove.nu\/index.php?rest_route=\/wp\/v2\/users\/1"}],"replies":[{"embeddable":true,"href":"https:\/\/sven-ove.nu\/index.php?rest_route=%2Fwp%2Fv2%2Fcomments&post=8807"}],"version-history":[{"count":3,"href":"https:\/\/sven-ove.nu\/index.php?rest_route=\/wp\/v2\/posts\/8807\/revisions"}],"predecessor-version":[{"id":8810,"href":"https:\/\/sven-ove.nu\/index.php?rest_route=\/wp\/v2\/posts\/8807\/revisions\/8810"}],"wp:attachment":[{"href":"https:\/\/sven-ove.nu\/index.php?rest_route=%2Fwp%2Fv2%2Fmedia&parent=8807"}],"wp:term":[{"taxonomy":"category","embeddable":true,"href":"https:\/\/sven-ove.nu\/index.php?rest_route=%2Fwp%2Fv2%2Fcategories&post=8807"},{"taxonomy":"post_tag","embeddable":true,"href":"https:\/\/sven-ove.nu\/index.php?rest_route=%2Fwp%2Fv2%2Ftags&post=8807"}],"curies":[{"name":"wp","href":"https:\/\/api.w.org\/{rel}","templated":true}]}}