{"id":8812,"date":"2014-05-06T03:00:21","date_gmt":"2014-05-06T02:00:21","guid":{"rendered":"http:\/\/sven-ove.nu\/?p=8812"},"modified":"2014-05-05T18:03:25","modified_gmt":"2014-05-05T17:03:25","slug":"mote-med-framtiden","status":"publish","type":"post","link":"https:\/\/sven-ove.nu\/?p=8812","title":{"rendered":"M\u00f6te med framtiden"},"content":{"rendered":"<p><a href=\"https:\/\/sven-ove.nu\/wp-content\/uploads\/2014\/05\/Moln-\u00f6ver-Grossbolstorp.jpg\"><img loading=\"lazy\" decoding=\"async\" class=\"size-large wp-image-8814 alignleft\" alt=\"Moln \u00f6ver Grossbolstorp\" src=\"https:\/\/sven-ove.nu\/wp-content\/uploads\/2014\/05\/Moln-\u00f6ver-Grossbolstorp-1024x501.jpg\" width=\"640\" height=\"313\" srcset=\"https:\/\/sven-ove.nu\/wp-content\/uploads\/2014\/05\/Moln-\u00f6ver-Grossbolstorp-1024x501.jpg 1024w, https:\/\/sven-ove.nu\/wp-content\/uploads\/2014\/05\/Moln-\u00f6ver-Grossbolstorp-300x146.jpg 300w\" sizes=\"auto, (max-width: 640px) 100vw, 640px\" \/><\/a><\/p>\n<p>&#8211; I kv\u00e4ll ska jag p\u00e5 fiberm\u00f6te, s\u00e4ger jag till n\u00e5gra bekanta.<br \/>\n&#8211; Fiber? N\u00e5t med havregryn? svarar de, som vet att jag k\u00e4mpar med mitt 5:2.<\/p>\n<p>Nja, inte precis. Havregryn har nog byggt svenska folket en g\u00e5ng, men nu handlar det om det digitala bygget. Kommunikation mellan svenska l\u00e4genheter och villor och resten av jordklotet. M\u00e4nniskors m\u00f6ten. N\u00e4r \u201dgoogla\u201d har blivit ett verb och \u201dfacebooka\u201d ett annat vill vi ha kraftfull f\u00f6rbindelse bort och hem.<\/p>\n<p><b>Precis som p\u00e5 30-talet<br \/>\n<\/b>S\u00e5 h\u00e4r st\u00e5r det i inbjudan till m\u00f6tet vid det vita t\u00e4ltet i b\u00f6rjan av Smedbacken n\u00e5gra gator ner:<\/p>\n<p style=\"padding-left: 30px;\"><i>\u201dRunt \u00e5r 1930 satt m\u00e5nga personer med samma typ av erbjudande framf\u00f6r sig. D\u00e5 gr\u00e4vdes det ner en kopparkabel som i dag anv\u00e4nds till b\u00e5de internet och hemtelefoni. Denna kabel har en begr\u00e4nsad livsl\u00e4ngd och tyv\u00e4rr rymmer den inte tillr\u00e4ckligt f\u00f6r framtidens behov\u201d.<\/i><\/p>\n<p>Internet, skriver de. Tv, e-hemtj\u00e4nst, e-sjukv\u00e5rd, arbete och studier p\u00e5 distans, sociala kontakter via ljud och bild. D\u00e5 \u00e4r fibern i s\u00e4rklass. Jag tror ju att <a href=\"http:\/\/www.forshagafibernat.se\">fiberfolket<\/a> har r\u00e4tt och traskar ner till granngatan. D\u00e4r st\u00e5r vi sedan, ett g\u00e4ng gubbar och n\u00e5gon dam och lyssnar till planerna. Om vi g\u00f6r ett projekt av Grossbolstorp, s\u00e5 kan vi t\u00e4nka oss\u2026<\/p>\n<p><b>\u00c4ven du, min v\u00e4cka<br \/>\n<\/b>I ett tr\u00e4d i n\u00e4rheten f\u00f6rsvarar en n\u00f6tv\u00e4cka h\u00f6gljutt sitt revir. Det ser jag inte ett dugg symboliskt. F\u00f6r oss som skickat in v\u00e5ra avtal handlar det om att vidga vyer och f\u00e5 det fortare gjort. Efter m\u00f6tet g\u00e5r jag hem och l\u00e4ser p\u00e5 om den k\u00e4ra <a href=\"http:\/\/sverigesradio.se\/sida\/artikel.aspx?programid=3275&amp;artikel=2777719\">v\u00e4ckan<\/a>.<\/p>\n<p>I dag finns hon ocks\u00e5 p\u00e5 internet.<\/p>\n","protected":false},"excerpt":{"rendered":"<p>&#8211; I kv\u00e4ll ska jag p\u00e5 fiberm\u00f6te, s\u00e4ger jag till n\u00e5gra bekanta. &#8211; Fiber? N\u00e5t med havregryn? svarar de, som vet att jag k\u00e4mpar med mitt 5:2. Nja, inte precis. Havregryn har nog byggt svenska folket en g\u00e5ng, men nu handlar det om det digitala bygget. Kommunikation mellan svenska l\u00e4genheter och villor och resten av &hellip; <a href=\"https:\/\/sven-ove.nu\/?p=8812\" class=\"more-link\">Forts\u00e4tt l\u00e4sa <span class=\"screen-reader-text\">M\u00f6te med framtiden<\/span><\/a><\/p>\n","protected":false},"author":1,"featured_media":0,"comment_status":"open","ping_status":"open","sticky":false,"template":"","format":"standard","meta":{"_crdt_document":"","_monsterinsights_skip_tracking":false,"_monsterinsights_sitenote_active":false,"_monsterinsights_sitenote_note":"","_monsterinsights_sitenote_category":0,"footnotes":""},"categories":[6],"tags":[8,13],"class_list":["post-8812","post","type-post","status-publish","format-standard","hentry","category-natur","tag-historia","tag-utrustning"],"_links":{"self":[{"href":"https:\/\/sven-ove.nu\/index.php?rest_route=\/wp\/v2\/posts\/8812","targetHints":{"allow":["GET"]}}],"collection":[{"href":"https:\/\/sven-ove.nu\/index.php?rest_route=\/wp\/v2\/posts"}],"about":[{"href":"https:\/\/sven-ove.nu\/index.php?rest_route=\/wp\/v2\/types\/post"}],"author":[{"embeddable":true,"href":"https:\/\/sven-ove.nu\/index.php?rest_route=\/wp\/v2\/users\/1"}],"replies":[{"embeddable":true,"href":"https:\/\/sven-ove.nu\/index.php?rest_route=%2Fwp%2Fv2%2Fcomments&post=8812"}],"version-history":[{"count":4,"href":"https:\/\/sven-ove.nu\/index.php?rest_route=\/wp\/v2\/posts\/8812\/revisions"}],"predecessor-version":[{"id":8817,"href":"https:\/\/sven-ove.nu\/index.php?rest_route=\/wp\/v2\/posts\/8812\/revisions\/8817"}],"wp:attachment":[{"href":"https:\/\/sven-ove.nu\/index.php?rest_route=%2Fwp%2Fv2%2Fmedia&parent=8812"}],"wp:term":[{"taxonomy":"category","embeddable":true,"href":"https:\/\/sven-ove.nu\/index.php?rest_route=%2Fwp%2Fv2%2Fcategories&post=8812"},{"taxonomy":"post_tag","embeddable":true,"href":"https:\/\/sven-ove.nu\/index.php?rest_route=%2Fwp%2Fv2%2Ftags&post=8812"}],"curies":[{"name":"wp","href":"https:\/\/api.w.org\/{rel}","templated":true}]}}