{"id":8834,"date":"2014-05-10T03:00:04","date_gmt":"2014-05-10T02:00:04","guid":{"rendered":"http:\/\/sven-ove.nu\/?p=8834"},"modified":"2014-05-09T11:08:56","modified_gmt":"2014-05-09T10:08:56","slug":"evigt-liv","status":"publish","type":"post","link":"https:\/\/sven-ove.nu\/?p=8834","title":{"rendered":"Evigt liv"},"content":{"rendered":"<p>Hittar ett gammalt manus fr\u00e5n ett elektrikerm\u00f6te f\u00f6r tio \u00e5r sedan, d\u00e4r jag underh\u00f6ll. P\u00e5 sidan 7 \u00e4r en dikt av min v\u00e4n Viktor Root, som jag l\u00e4ste.<\/p>\n<p style=\"padding-left: 30px;\"><b><a href=\"https:\/\/sven-ove.nu\/wp-content\/uploads\/2014\/05\/Bj\u00f6rk.jpg\"><img loading=\"lazy\" decoding=\"async\" class=\"alignright size-medium wp-image-8838\" alt=\"Bj\u00f6rk\" src=\"https:\/\/sven-ove.nu\/wp-content\/uploads\/2014\/05\/Bj\u00f6rk-179x300.jpg\" width=\"179\" height=\"300\" srcset=\"https:\/\/sven-ove.nu\/wp-content\/uploads\/2014\/05\/Bj\u00f6rk-179x300.jpg 179w, https:\/\/sven-ove.nu\/wp-content\/uploads\/2014\/05\/Bj\u00f6rk-613x1024.jpg 613w, https:\/\/sven-ove.nu\/wp-content\/uploads\/2014\/05\/Bj\u00f6rk.jpg 1552w\" sizes=\"auto, (max-width: 179px) 100vw, 179px\" \/><\/a>Sanningen om v<\/b><b>arf\u00f6r <\/b><b><br \/>\n<\/b><b>vissa partier<\/b><b> <\/b><b>byter ledare<\/b><\/p>\n<p style=\"padding-left: 30px;\">Kd har valt ny partiledare,<br \/>\nf\u00f6r s\u00e4kerhets skull<br \/>\nIfall Alf Svensson inte har<br \/>\nevigt liv<\/p>\n<p style=\"padding-left: 30px;\">V\u00e4nsterpartiet har valt ny partiledare,<br \/>\nf\u00f6r s\u00e4kerhets skull<br \/>\nIfall Gudrun Schyman inte har<br \/>\nevigt liv<\/p>\n<p style=\"padding-left: 30px;\">Moderaterna har valt ny partiledare,<br \/>\nf\u00f6r s\u00e4kerhets skull<br \/>\nIfall Bo Lundgren<br \/>\nhar det.<\/p>\n<p style=\"padding-left: 30px;\"><b><i>Viktor Root<\/i><\/b><\/p>\n<p><i>&#8211; \u201dHittar ett gammalt manus\u201d? Erk\u00e4nn att du har dem noga sorterade i mappar, b\u00e5de i datorn och i bokhyllan, \u00e5r f\u00f6r \u00e5r. Din pedant.<br \/>\n<\/i><i>&#8211; Asch da.<br \/>\n<\/i><i>&#8211; F\u00f6rresten <strong>har<\/strong> Gudrun Schyman evigt liv.<br \/>\n<\/i><i>&#8211; Jag vet.<\/i><\/p>\n","protected":false},"excerpt":{"rendered":"<p>Hittar ett gammalt manus fr\u00e5n ett elektrikerm\u00f6te f\u00f6r tio \u00e5r sedan, d\u00e4r jag underh\u00f6ll. P\u00e5 sidan 7 \u00e4r en dikt av min v\u00e4n Viktor Root, som jag l\u00e4ste. Sanningen om varf\u00f6r vissa partier byter ledare Kd har valt ny partiledare, f\u00f6r s\u00e4kerhets skull Ifall Alf Svensson inte har evigt liv V\u00e4nsterpartiet har valt ny partiledare, &hellip; <a href=\"https:\/\/sven-ove.nu\/?p=8834\" class=\"more-link\">Forts\u00e4tt l\u00e4sa <span class=\"screen-reader-text\">Evigt liv<\/span><\/a><\/p>\n","protected":false},"author":1,"featured_media":0,"comment_status":"open","ping_status":"open","sticky":false,"template":"","format":"standard","meta":{"_crdt_document":"","_monsterinsights_skip_tracking":false,"_monsterinsights_sitenote_active":false,"_monsterinsights_sitenote_note":"","_monsterinsights_sitenote_category":0,"footnotes":""},"categories":[9,11],"tags":[8],"class_list":["post-8834","post","type-post","status-publish","format-standard","hentry","category-politik","category-viktor-root","tag-historia"],"_links":{"self":[{"href":"https:\/\/sven-ove.nu\/index.php?rest_route=\/wp\/v2\/posts\/8834","targetHints":{"allow":["GET"]}}],"collection":[{"href":"https:\/\/sven-ove.nu\/index.php?rest_route=\/wp\/v2\/posts"}],"about":[{"href":"https:\/\/sven-ove.nu\/index.php?rest_route=\/wp\/v2\/types\/post"}],"author":[{"embeddable":true,"href":"https:\/\/sven-ove.nu\/index.php?rest_route=\/wp\/v2\/users\/1"}],"replies":[{"embeddable":true,"href":"https:\/\/sven-ove.nu\/index.php?rest_route=%2Fwp%2Fv2%2Fcomments&post=8834"}],"version-history":[{"count":4,"href":"https:\/\/sven-ove.nu\/index.php?rest_route=\/wp\/v2\/posts\/8834\/revisions"}],"predecessor-version":[{"id":8840,"href":"https:\/\/sven-ove.nu\/index.php?rest_route=\/wp\/v2\/posts\/8834\/revisions\/8840"}],"wp:attachment":[{"href":"https:\/\/sven-ove.nu\/index.php?rest_route=%2Fwp%2Fv2%2Fmedia&parent=8834"}],"wp:term":[{"taxonomy":"category","embeddable":true,"href":"https:\/\/sven-ove.nu\/index.php?rest_route=%2Fwp%2Fv2%2Fcategories&post=8834"},{"taxonomy":"post_tag","embeddable":true,"href":"https:\/\/sven-ove.nu\/index.php?rest_route=%2Fwp%2Fv2%2Ftags&post=8834"}],"curies":[{"name":"wp","href":"https:\/\/api.w.org\/{rel}","templated":true}]}}