{"id":8841,"date":"2014-05-12T03:00:53","date_gmt":"2014-05-12T02:00:53","guid":{"rendered":"http:\/\/sven-ove.nu\/?p=8841"},"modified":"2014-05-11T15:31:05","modified_gmt":"2014-05-11T14:31:05","slug":"hog-tid-att-forbereda","status":"publish","type":"post","link":"https:\/\/sven-ove.nu\/?p=8841","title":{"rendered":"H\u00f6g tid att f\u00f6rbereda"},"content":{"rendered":"<p>Tiden \u00e4r rolig. Kanske inte nutiden, alltid, men den tid som ger perspektiv. H\u00e4r \u00e4r sex regler f\u00f6r hur <a href=\"http:\/\/www.nordiskamuseet.se\/aretsdagar\/mors-dag\" target=\"_blank\"><b>Mors dag<\/b><\/a> b\u00f6r firas, nedtecknade f\u00f6r 94 \u00e5r sedan.<\/p>\n<p style=\"padding-left: 30px;\"><i><a href=\"https:\/\/sven-ove.nu\/wp-content\/uploads\/2014\/05\/Kaffekanna.jpg\"><img loading=\"lazy\" decoding=\"async\" class=\"alignright size-medium wp-image-8843\" alt=\"Kaffekanna\" src=\"https:\/\/sven-ove.nu\/wp-content\/uploads\/2014\/05\/Kaffekanna-179x300.jpg\" width=\"179\" height=\"300\" srcset=\"https:\/\/sven-ove.nu\/wp-content\/uploads\/2014\/05\/Kaffekanna-179x300.jpg 179w, https:\/\/sven-ove.nu\/wp-content\/uploads\/2014\/05\/Kaffekanna-613x1024.jpg 613w, https:\/\/sven-ove.nu\/wp-content\/uploads\/2014\/05\/Kaffekanna.jpg 1552w\" sizes=\"auto, (max-width: 179px) 100vw, 179px\" \/><\/a>1. Svenska flaggan hissas fr\u00e5n hemmets flaggst\u00e5ng.<br \/>\n2. Mor h\u00e4lsas om morgonen med s\u00e5ng av barnen.<br \/>\n3. Hon bjudes f\u00f6re uppstigandet p\u00e5 gott kaffe och br\u00f6d, berett av barnen. Hon hedras med blommor och en liten g\u00e5va.<br \/>\n4. Henne beredes, s\u00e5 l\u00e5ngt det \u00e4r m\u00f6jligt, vila och frihet fr\u00e5n allt hush\u00e5llsarbete den dagen. Barnen b\u00e4dda, sopa, laga mat och diska.<br \/>\n5. Vid eftermiddagskaffet eller p\u00e5 aftonen h\u00e5lles en liten h\u00f6gtidlighet, d\u00e4r far i huset medverkar.<br \/>\n6. Fr\u00e5nvarande barn h\u00e4lsa Mor med brev eller telegram eller vykort, som s\u00e4rskilt\u2028 gjorts och tillhandah\u00e5llas f\u00f6r Mors dag.<\/i><\/p>\n<p>Det \u00e4r inte den varma tanken som roar mig, det \u00e4r det h\u00f6gtidliga spr\u00e5ket. D\u00e4rf\u00f6r har jag i god tid b\u00f6rjat f\u00f6rbereda en liten h\u00f6gtidlighet att h\u00e5llas om aftonen den 25 maj, d\u00e4r far i huset medverkar.<\/p>\n<p>M\u00e5ste den vara liten?<\/p>\n","protected":false},"excerpt":{"rendered":"<p>Tiden \u00e4r rolig. Kanske inte nutiden, alltid, men den tid som ger perspektiv. H\u00e4r \u00e4r sex regler f\u00f6r hur Mors dag b\u00f6r firas, nedtecknade f\u00f6r 94 \u00e5r sedan. 1. Svenska flaggan hissas fr\u00e5n hemmets flaggst\u00e5ng. 2. Mor h\u00e4lsas om morgonen med s\u00e5ng av barnen. 3. Hon bjudes f\u00f6re uppstigandet p\u00e5 gott kaffe och br\u00f6d, berett &hellip; <a href=\"https:\/\/sven-ove.nu\/?p=8841\" class=\"more-link\">Forts\u00e4tt l\u00e4sa <span class=\"screen-reader-text\">H\u00f6g tid att f\u00f6rbereda<\/span><\/a><\/p>\n","protected":false},"author":1,"featured_media":0,"comment_status":"open","ping_status":"open","sticky":false,"template":"","format":"standard","meta":{"_crdt_document":"","_monsterinsights_skip_tracking":false,"_monsterinsights_sitenote_active":false,"_monsterinsights_sitenote_note":"","_monsterinsights_sitenote_category":0,"footnotes":""},"categories":[10],"tags":[8,24,14,20],"class_list":["post-8841","post","type-post","status-publish","format-standard","hentry","category-familjen","tag-historia","tag-karlek","tag-lasning","tag-rad"],"_links":{"self":[{"href":"https:\/\/sven-ove.nu\/index.php?rest_route=\/wp\/v2\/posts\/8841","targetHints":{"allow":["GET"]}}],"collection":[{"href":"https:\/\/sven-ove.nu\/index.php?rest_route=\/wp\/v2\/posts"}],"about":[{"href":"https:\/\/sven-ove.nu\/index.php?rest_route=\/wp\/v2\/types\/post"}],"author":[{"embeddable":true,"href":"https:\/\/sven-ove.nu\/index.php?rest_route=\/wp\/v2\/users\/1"}],"replies":[{"embeddable":true,"href":"https:\/\/sven-ove.nu\/index.php?rest_route=%2Fwp%2Fv2%2Fcomments&post=8841"}],"version-history":[{"count":5,"href":"https:\/\/sven-ove.nu\/index.php?rest_route=\/wp\/v2\/posts\/8841\/revisions"}],"predecessor-version":[{"id":8847,"href":"https:\/\/sven-ove.nu\/index.php?rest_route=\/wp\/v2\/posts\/8841\/revisions\/8847"}],"wp:attachment":[{"href":"https:\/\/sven-ove.nu\/index.php?rest_route=%2Fwp%2Fv2%2Fmedia&parent=8841"}],"wp:term":[{"taxonomy":"category","embeddable":true,"href":"https:\/\/sven-ove.nu\/index.php?rest_route=%2Fwp%2Fv2%2Fcategories&post=8841"},{"taxonomy":"post_tag","embeddable":true,"href":"https:\/\/sven-ove.nu\/index.php?rest_route=%2Fwp%2Fv2%2Ftags&post=8841"}],"curies":[{"name":"wp","href":"https:\/\/api.w.org\/{rel}","templated":true}]}}