{"id":8849,"date":"2014-05-13T03:00:48","date_gmt":"2014-05-13T02:00:48","guid":{"rendered":"http:\/\/sven-ove.nu\/?p=8849"},"modified":"2014-05-12T18:05:47","modified_gmt":"2014-05-12T17:05:47","slug":"landet-dar-de-rika-drar-ifran","status":"publish","type":"post","link":"https:\/\/sven-ove.nu\/?p=8849","title":{"rendered":"Landet d\u00e4r de rika drar ifr\u00e5n"},"content":{"rendered":"<p>Det fanns en tid n\u00e4r klyftorna minskade i Sverige. Bra, tyckte jag och mina ot\u00e5liga v\u00e4nner, men det g\u00e5r inte fort nog. D\u00e4rf\u00f6r gjorde vi narr av parollen \u201d\u00d6kad j\u00e4mlikhet\u201d. <i>Vad\u00e5 \u00f6kad, \u00e4r man j\u00e4mlik s\u00e5 \u00e4r man v\u00e4l? <\/i>Inte f\u00f6rstod vi d\u00e5 vad som v\u00e4ntade av \u00f6kad or\u00e4ttvisa bakom h\u00f6rnet.<\/p>\n<p>I dag \u00e4r det dags att damma av parollen igen. Den var inte s\u00e5 dum.<br \/>\nS\u00e5 h\u00e4r kan vi inte ha det:<\/p>\n<p><a href=\"https:\/\/sven-ove.nu\/wp-content\/uploads\/2014\/05\/Sk\u00e4rmavbild-2014-05-11-kl.-18.50.05.png\"><img loading=\"lazy\" decoding=\"async\" class=\"alignleft size-full wp-image-8851\" alt=\"Sk\u00e4rmavbild 2014-05-11 kl. 18.50.05\" src=\"https:\/\/sven-ove.nu\/wp-content\/uploads\/2014\/05\/Sk\u00e4rmavbild-2014-05-11-kl.-18.50.05.png\" width=\"421\" height=\"395\" srcset=\"https:\/\/sven-ove.nu\/wp-content\/uploads\/2014\/05\/Sk\u00e4rmavbild-2014-05-11-kl.-18.50.05.png 421w, https:\/\/sven-ove.nu\/wp-content\/uploads\/2014\/05\/Sk\u00e4rmavbild-2014-05-11-kl.-18.50.05-300x281.png 300w\" sizes=\"auto, (max-width: 421px) 100vw, 421px\" \/><\/a><\/p>\n<p>&nbsp;<\/p>\n<p>&nbsp;<\/p>\n<p>&nbsp;<\/p>\n<p>&nbsp;<\/p>\n<p>&nbsp;<\/p>\n<p>&nbsp;<\/p>\n<p>&nbsp;<\/p>\n","protected":false},"excerpt":{"rendered":"<p>Det fanns en tid n\u00e4r klyftorna minskade i Sverige. Bra, tyckte jag och mina ot\u00e5liga v\u00e4nner, men det g\u00e5r inte fort nog. D\u00e4rf\u00f6r gjorde vi narr av parollen \u201d\u00d6kad j\u00e4mlikhet\u201d. Vad\u00e5 \u00f6kad, \u00e4r man j\u00e4mlik s\u00e5 \u00e4r man v\u00e4l? Inte f\u00f6rstod vi d\u00e5 vad som v\u00e4ntade av \u00f6kad or\u00e4ttvisa bakom h\u00f6rnet. I dag \u00e4r det &hellip; <a href=\"https:\/\/sven-ove.nu\/?p=8849\" class=\"more-link\">Forts\u00e4tt l\u00e4sa <span class=\"screen-reader-text\">Landet d\u00e4r de rika drar ifr\u00e5n<\/span><\/a><\/p>\n","protected":false},"author":1,"featured_media":0,"comment_status":"open","ping_status":"open","sticky":false,"template":"","format":"standard","meta":{"_crdt_document":"","_monsterinsights_skip_tracking":false,"_monsterinsights_sitenote_active":false,"_monsterinsights_sitenote_note":"","_monsterinsights_sitenote_category":0,"footnotes":""},"categories":[9],"tags":[16,8,18,17],"class_list":["post-8849","post","type-post","status-publish","format-standard","hentry","category-politik","tag-dumheter","tag-historia","tag-lardomar","tag-solidaritet"],"_links":{"self":[{"href":"https:\/\/sven-ove.nu\/index.php?rest_route=\/wp\/v2\/posts\/8849","targetHints":{"allow":["GET"]}}],"collection":[{"href":"https:\/\/sven-ove.nu\/index.php?rest_route=\/wp\/v2\/posts"}],"about":[{"href":"https:\/\/sven-ove.nu\/index.php?rest_route=\/wp\/v2\/types\/post"}],"author":[{"embeddable":true,"href":"https:\/\/sven-ove.nu\/index.php?rest_route=\/wp\/v2\/users\/1"}],"replies":[{"embeddable":true,"href":"https:\/\/sven-ove.nu\/index.php?rest_route=%2Fwp%2Fv2%2Fcomments&post=8849"}],"version-history":[{"count":7,"href":"https:\/\/sven-ove.nu\/index.php?rest_route=\/wp\/v2\/posts\/8849\/revisions"}],"predecessor-version":[{"id":8857,"href":"https:\/\/sven-ove.nu\/index.php?rest_route=\/wp\/v2\/posts\/8849\/revisions\/8857"}],"wp:attachment":[{"href":"https:\/\/sven-ove.nu\/index.php?rest_route=%2Fwp%2Fv2%2Fmedia&parent=8849"}],"wp:term":[{"taxonomy":"category","embeddable":true,"href":"https:\/\/sven-ove.nu\/index.php?rest_route=%2Fwp%2Fv2%2Fcategories&post=8849"},{"taxonomy":"post_tag","embeddable":true,"href":"https:\/\/sven-ove.nu\/index.php?rest_route=%2Fwp%2Fv2%2Ftags&post=8849"}],"curies":[{"name":"wp","href":"https:\/\/api.w.org\/{rel}","templated":true}]}}