{"id":8890,"date":"2014-05-19T03:00:34","date_gmt":"2014-05-19T02:00:34","guid":{"rendered":"http:\/\/sven-ove.nu\/?p=8890"},"modified":"2014-05-18T16:16:53","modified_gmt":"2014-05-18T15:16:53","slug":"den-genialiska-sangen-pa-stora-torget-i-ornskoldsvik","status":"publish","type":"post","link":"https:\/\/sven-ove.nu\/?p=8890","title":{"rendered":"Den genialiska s\u00e5ngen p\u00e5 Stora torget i \u00d6rnsk\u00f6ldsvik"},"content":{"rendered":"<p>N\u00e4r den fr\u00e4mlingsfientlige partiledaren J bes\u00f6ker \u00d6rnsk\u00f6ldsvik s\u00e5 v\u00e4nder folket ryggen \u00e5t honom. Det \u00e4r bra.<\/p>\n<p>Sedan sjunger de I ett hus vid skogens slut. Det \u00e4r f\u00f6rbaske mig genialt.<\/p>\n<p style=\"padding-left: 30px;\"><i><a href=\"https:\/\/sven-ove.nu\/wp-content\/uploads\/2014\/05\/J-i-\u00d6vik.jpg\"><img loading=\"lazy\" decoding=\"async\" class=\"size-medium wp-image-8894 alignright\" alt=\"J i \u00d6vik\" src=\"https:\/\/sven-ove.nu\/wp-content\/uploads\/2014\/05\/J-i-\u00d6vik-300x230.jpg\" width=\"300\" height=\"230\" srcset=\"https:\/\/sven-ove.nu\/wp-content\/uploads\/2014\/05\/J-i-\u00d6vik-300x230.jpg 300w, https:\/\/sven-ove.nu\/wp-content\/uploads\/2014\/05\/J-i-\u00d6vik.jpg 426w\" sizes=\"auto, (max-width: 300px) 100vw, 300px\" \/><\/a>I ett hus vid skogens slut,<br \/>\nliten tomte tittar ut.<br \/>\nHaren skuttar fram s\u00e5 fort,<br \/>\nklappar p\u00e5 dess port,<\/i><\/p>\n<p style=\"padding-left: 30px;\"><i>Hj\u00e4lp ack, hj\u00e4lp ack, hj\u00e4lp nu mig,<br \/>\nannars skjuter j\u00e4garn mig.<br \/>\nKom ja, kom i stugan in,<br \/>\nr\u00e4ck mig handen din.<\/i><\/p>\n<p>Vem som skrev texten vet jag inte. <a href=\"https:\/\/www.youtube.com\/watch?v=ku37gOYwTsU\" target=\"_blank\"><i>Tomten och haren<\/i><\/a> har funnits i svenska s\u00e5ngb\u00f6cker minst sedan 1950-talet. Undrar om hon eller han ins\u00e5g fr\u00e5n b\u00f6rjan att s\u00e5ngen handlar om en flyktings \u00f6de?<\/p>\n<p>R\u00e4ck mig handen din\u2026 sjunger de p\u00e5 Stora torget i \u00d6rnsk\u00f6ldsvik.<br \/>\nJag \u00e4lskar det.<\/p>\n","protected":false},"excerpt":{"rendered":"<p>N\u00e4r den fr\u00e4mlingsfientlige partiledaren J bes\u00f6ker \u00d6rnsk\u00f6ldsvik s\u00e5 v\u00e4nder folket ryggen \u00e5t honom. Det \u00e4r bra. Sedan sjunger de I ett hus vid skogens slut. Det \u00e4r f\u00f6rbaske mig genialt. I ett hus vid skogens slut, liten tomte tittar ut. Haren skuttar fram s\u00e5 fort, klappar p\u00e5 dess port, Hj\u00e4lp ack, hj\u00e4lp ack, hj\u00e4lp nu &hellip; <a href=\"https:\/\/sven-ove.nu\/?p=8890\" class=\"more-link\">Forts\u00e4tt l\u00e4sa <span class=\"screen-reader-text\">Den genialiska s\u00e5ngen p\u00e5 Stora torget i \u00d6rnsk\u00f6ldsvik<\/span><\/a><\/p>\n","protected":false},"author":1,"featured_media":0,"comment_status":"open","ping_status":"open","sticky":false,"template":"","format":"standard","meta":{"_crdt_document":"","_monsterinsights_skip_tracking":false,"_monsterinsights_sitenote_active":false,"_monsterinsights_sitenote_note":"","_monsterinsights_sitenote_category":0,"footnotes":""},"categories":[9],"tags":[24,18,17],"class_list":["post-8890","post","type-post","status-publish","format-standard","hentry","category-politik","tag-karlek","tag-lardomar","tag-solidaritet"],"_links":{"self":[{"href":"https:\/\/sven-ove.nu\/index.php?rest_route=\/wp\/v2\/posts\/8890","targetHints":{"allow":["GET"]}}],"collection":[{"href":"https:\/\/sven-ove.nu\/index.php?rest_route=\/wp\/v2\/posts"}],"about":[{"href":"https:\/\/sven-ove.nu\/index.php?rest_route=\/wp\/v2\/types\/post"}],"author":[{"embeddable":true,"href":"https:\/\/sven-ove.nu\/index.php?rest_route=\/wp\/v2\/users\/1"}],"replies":[{"embeddable":true,"href":"https:\/\/sven-ove.nu\/index.php?rest_route=%2Fwp%2Fv2%2Fcomments&post=8890"}],"version-history":[{"count":5,"href":"https:\/\/sven-ove.nu\/index.php?rest_route=\/wp\/v2\/posts\/8890\/revisions"}],"predecessor-version":[{"id":8897,"href":"https:\/\/sven-ove.nu\/index.php?rest_route=\/wp\/v2\/posts\/8890\/revisions\/8897"}],"wp:attachment":[{"href":"https:\/\/sven-ove.nu\/index.php?rest_route=%2Fwp%2Fv2%2Fmedia&parent=8890"}],"wp:term":[{"taxonomy":"category","embeddable":true,"href":"https:\/\/sven-ove.nu\/index.php?rest_route=%2Fwp%2Fv2%2Fcategories&post=8890"},{"taxonomy":"post_tag","embeddable":true,"href":"https:\/\/sven-ove.nu\/index.php?rest_route=%2Fwp%2Fv2%2Ftags&post=8890"}],"curies":[{"name":"wp","href":"https:\/\/api.w.org\/{rel}","templated":true}]}}